{"id":4991,"date":"2018-07-17T10:30:50","date_gmt":"2018-07-17T08:30:50","guid":{"rendered":""},"modified":"2024-08-16T14:45:55","modified_gmt":"2024-08-16T12:45:55","slug":"exaltados-funcionarios-utp-por-premio-andesco","status":"publish","type":"post","link":"https:\/\/vicerrectorias.utp.edu.co\/responsabilidad-social\/exaltados-funcionarios-utp-por-premio-andesco\/","title":{"rendered":"Exaltados funcionarios UTP por premio ANDESCO"},"content":{"rendered":"\n<p><span class=\"post-content__span\"> Exaltados funcionarios de la UTP por premio ANDESCO<\/p>\n\n\n\n<p><span class=\"post-content__span\"> 5<\/p>\n\n\n\n<p><span class=\"post-content__span\"> <img decoding=\"async\" src=\"https:\/\/comunicaciones.utp.edu.co\/wp-content\/uploads\/sites\/2\/exaltacion-campus.jpg\" alt=\"Exaltados funcionarios de la UTP por premio ANDESCO\"><\/p>\n\n\n\n<p><span class=\"post-content__span\"> Se realiz\u00f3 en la Universidad Tecnol\u00f3gica de Pereira, un acto de reconocimiento a la labor de los diferentes funcionarios y \u00e1reas de la instituci\u00f3n, que con su esfuerzo y dedicaci\u00f3n, hicieron posible que la UTP sea hoy reconocida a nivel nacional por su trabajo en materia de Responsabilidad Social Universitaria y se haya hecho merecedora del premio ANDESCO 2018.<\/p>\n\n\n\n<p><span class=\"post-content__span\"> El rector de la universidad&nbsp; Luis Fernando Gaviria Trujillo, reconoci\u00f3 la importante labor que cumplen los colaboradores d\u00eda a d\u00eda, en la construcci\u00f3n de una instituci\u00f3n m\u00e1s cercana a la comunidad &nbsp; &nbsp;<\/p>\n","protected":false},"excerpt":{"rendered":"<p>Exaltados funcionarios de la UTP por premio ANDESCO 5 Se realiz\u00f3 en la Universidad Tecnol\u00f3gica de Pereira, un acto de [&hellip;]<\/p>\n","protected":false},"author":0,"featured_media":60345,"comment_status":"closed","ping_status":"closed","sticky":false,"template":"","format":"standard","meta":{"footnotes":""},"categories":[3],"tags":[],"class_list":["post-4991","post","type-post","status-publish","format-standard","has-post-thumbnail","hentry","category-noticias"],"_links":{"self":[{"href":"https:\/\/vicerrectorias.utp.edu.co\/responsabilidad-social\/wp-json\/wp\/v2\/posts\/4991","targetHints":{"allow":["GET"]}}],"collection":[{"href":"https:\/\/vicerrectorias.utp.edu.co\/responsabilidad-social\/wp-json\/wp\/v2\/posts"}],"about":[{"href":"https:\/\/vicerrectorias.utp.edu.co\/responsabilidad-social\/wp-json\/wp\/v2\/types\/post"}],"replies":[{"embeddable":true,"href":"https:\/\/vicerrectorias.utp.edu.co\/responsabilidad-social\/wp-json\/wp\/v2\/comments?post=4991"}],"version-history":[{"count":3,"href":"https:\/\/vicerrectorias.utp.edu.co\/responsabilidad-social\/wp-json\/wp\/v2\/posts\/4991\/revisions"}],"predecessor-version":[{"id":61004,"href":"https:\/\/vicerrectorias.utp.edu.co\/responsabilidad-social\/wp-json\/wp\/v2\/posts\/4991\/revisions\/61004"}],"wp:featuredmedia":[{"embeddable":true,"href":"https:\/\/vicerrectorias.utp.edu.co\/responsabilidad-social\/wp-json\/wp\/v2\/media\/60345"}],"wp:attachment":[{"href":"https:\/\/vicerrectorias.utp.edu.co\/responsabilidad-social\/wp-json\/wp\/v2\/media?parent=4991"}],"wp:term":[{"taxonomy":"category","embeddable":true,"href":"https:\/\/vicerrectorias.utp.edu.co\/responsabilidad-social\/wp-json\/wp\/v2\/categories?post=4991"},{"taxonomy":"post_tag","embeddable":true,"href":"https:\/\/vicerrectorias.utp.edu.co\/responsabilidad-social\/wp-json\/wp\/v2\/tags?post=4991"}],"curies":[{"name":"wp","href":"https:\/\/api.w.org\/{rel}","templated":true}]}}