{"id":4981,"date":"2018-07-12T13:31:37","date_gmt":"2018-07-12T11:31:37","guid":{"rendered":""},"modified":"2024-08-20T10:34:01","modified_gmt":"2024-08-20T08:34:01","slug":"noticias-el-tiempo-utp-gana-premio-andesco","status":"publish","type":"post","link":"https:\/\/vicerrectorias.utp.edu.co\/responsabilidad-social\/noticias-el-tiempo-utp-gana-premio-andesco\/","title":{"rendered":"Noticias El Tiempo UTP gana premio Andesco"},"content":{"rendered":"\n<p><span class=\"post-content__span\"> <a href=\"https:\/\/m.eltiempo.com\/colombia\/otras-ciudades\/la-utp-obtuvo-premio-andesco-a-la-sostenibilidad-242556\">https:\/\/m.eltiempo.com\/colombia\/otras-ciudades\/la-utp-obtuvo-premio-andesco-a-la-sostenibilidad-242556<\/a><\/p>\n\n\n\n<p><span class=\"post-content__span\"> La U. Tecnol\u00f3gica de Pereira gan\u00f3 el premio Andesco de sostenibilidad<\/p>\n\n\n\n<p><span class=\"post-content__span\"> La universidad obtuvo el galard\u00f3n por su compromiso con la comunidad y el medio ambiente.<\/p>\n\n\n\n<figure class=\"wp-block-image\"><img decoding=\"async\" src=\"https:\/\/m.eltiempo.com\/files\/image_640_428\/uploads\/2018\/07\/12\/5b4762c74b8ed.jpeg\" alt=\"Jard\u00edn Bot\u00e1nico UTP\"\/><\/figure>\n\n\n\n<p><span class=\"post-content__span\"> Jard\u00edn Bot\u00e1nico de la UTP, \u00fanico en la regi\u00f3n<\/p>\n\n\n\n<p><span class=\"post-content__span\"> Foto:<\/p>\n\n\n\n<p><span class=\"post-content__span\"> Alexis M\u00fanera<\/p>\n\n\n\n<p><span class=\"post-content__span\"> La Universidad Tecnol\u00f3gica de Pereira (UTP) gan\u00f3 el premio Andesco de sostenibilidad, que exalta los esfuerzos de las organizaciones en torno a la Responsabilidad Social Empresarial.<\/p>\n\n\n\n<p><span class=\"post-content__span\"> <strong>Es la primera vez que una instituci\u00f3n educativa de educaci\u00f3n superior obtiene ese reconocimiento y en este caso lo otorg\u00f3 por el inter\u00e9s de la UTP por las acciones de responsabilidad con sus comunidades y con el medio ambiente.<\/strong><\/p>\n\n\n\n<p><span class=\"post-content__span\"> Andesco es la Asociaci\u00f3n Nacional de Empresas de Servicios P\u00fablicos y Comunicaciones.<\/p>\n\n\n\n<p><span class=\"post-content__span\"> \u201cLas universidades tenemos tres ejes fundamentales de acci\u00f3n: docencia, investigaci\u00f3n y extensi\u00f3n, pero es claro que debemos trascender la coyuntural tarea de formar ciudadanos \u00edntegros y buscar la transformaci\u00f3n social desde la ciencia, generando as\u00ed verdadero impacto en nuestras regiones, y esto hace que nos debamos percibir como organizaciones que deben ser administradas y autorreguladas\u201d, afirm\u00f3 el rector, Luis Fernando Gaviria.<\/p>\n\n\n\n<p><span class=\"post-content__span\"> En el 2015, la UTP asumi\u00f3 el compromiso de la Responsabilidad Social Universitaria y cinco a\u00f1os despu\u00e9s, el Consejo Superior Universitario cre\u00f3 la Vicerrector\u00eda de Responsabilidad Social y Bienestar Universitario, desde la cual se adelantan estrategias como el Programa de Acompa\u00f1amiento Integral a la comunidad universitaria, l\u00edneas de acci\u00f3n social, la inclusi\u00f3n, la paz, la salud, el deporte y la recreaci\u00f3n, los apoyos econ\u00f3micos, sociales y acad\u00e9micos.<strong>Gaviria agreg\u00f3 que el premio es un reconocimiento a la labor de diferentes grupos de la comunidad universitaria, como la Vicerrector\u00eda de Responsabilidad Social y Bienestar Universitario, la Oficina de Planeaci\u00f3n, la Escuela de Liderazgo para la Paz, el Jard\u00edn Bot\u00e1nico y el Centro de Gesti\u00f3n Ambiental.<\/strong><\/p>\n","protected":false},"excerpt":{"rendered":"<p>https:\/\/m.eltiempo.com\/colombia\/otras-ciudades\/la-utp-obtuvo-premio-andesco-a-la-sostenibilidad-242556 La U. Tecnol\u00f3gica de Pereira gan\u00f3 el premio Andesco de sostenibilidad La universidad obtuvo el galard\u00f3n por su compromiso [&hellip;]<\/p>\n","protected":false},"author":0,"featured_media":60344,"comment_status":"closed","ping_status":"closed","sticky":false,"template":"","format":"standard","meta":{"footnotes":""},"categories":[3],"tags":[],"class_list":["post-4981","post","type-post","status-publish","format-standard","has-post-thumbnail","hentry","category-noticias"],"_links":{"self":[{"href":"https:\/\/vicerrectorias.utp.edu.co\/responsabilidad-social\/wp-json\/wp\/v2\/posts\/4981","targetHints":{"allow":["GET"]}}],"collection":[{"href":"https:\/\/vicerrectorias.utp.edu.co\/responsabilidad-social\/wp-json\/wp\/v2\/posts"}],"about":[{"href":"https:\/\/vicerrectorias.utp.edu.co\/responsabilidad-social\/wp-json\/wp\/v2\/types\/post"}],"replies":[{"embeddable":true,"href":"https:\/\/vicerrectorias.utp.edu.co\/responsabilidad-social\/wp-json\/wp\/v2\/comments?post=4981"}],"version-history":[{"count":2,"href":"https:\/\/vicerrectorias.utp.edu.co\/responsabilidad-social\/wp-json\/wp\/v2\/posts\/4981\/revisions"}],"predecessor-version":[{"id":61201,"href":"https:\/\/vicerrectorias.utp.edu.co\/responsabilidad-social\/wp-json\/wp\/v2\/posts\/4981\/revisions\/61201"}],"wp:featuredmedia":[{"embeddable":true,"href":"https:\/\/vicerrectorias.utp.edu.co\/responsabilidad-social\/wp-json\/wp\/v2\/media\/60344"}],"wp:attachment":[{"href":"https:\/\/vicerrectorias.utp.edu.co\/responsabilidad-social\/wp-json\/wp\/v2\/media?parent=4981"}],"wp:term":[{"taxonomy":"category","embeddable":true,"href":"https:\/\/vicerrectorias.utp.edu.co\/responsabilidad-social\/wp-json\/wp\/v2\/categories?post=4981"},{"taxonomy":"post_tag","embeddable":true,"href":"https:\/\/vicerrectorias.utp.edu.co\/responsabilidad-social\/wp-json\/wp\/v2\/tags?post=4981"}],"curies":[{"name":"wp","href":"https:\/\/api.w.org\/{rel}","templated":true}]}}