{"id":4971,"date":"2018-07-12T12:04:42","date_gmt":"2018-07-12T10:04:42","guid":{"rendered":""},"modified":"2024-08-20T14:40:38","modified_gmt":"2024-08-20T12:40:38","slug":"utp-rinde-homenaje-a-la-a-la-rectora-de-la-univers","status":"publish","type":"post","link":"https:\/\/vicerrectorias.utp.edu.co\/responsabilidad-social\/utp-rinde-homenaje-a-la-a-la-rectora-de-la-univers\/","title":{"rendered":"UTP rinde homenaje a la a la Rectora de la Univers"},"content":{"rendered":"\n<p><span class=\"post-content__span\"> UTP rinde\u00a0homenaje\u00a0a la a la Rectora de la Universidad Nacional<\/p>\n\n\n\n<p><span class=\"post-content__span\"> <img decoding=\"async\" src=\"https:\/\/comunicaciones.utp.edu.co\/wp-content\/uploads\/sites\/2\/UTP-rinde-homenaje-a-la-a-la-rectora-de-la-Universidad-Nacional-minatura.jpg\" alt=\"UTP rinde homenaje a la a la rectora de la Universidad Nacional\"><\/p>\n\n\n\n<p><span class=\"post-content__span\"> En el marco del Primer Foro Regional de Bioeconom\u00eda, el rector de la Universidad\u00a0 Tecnol\u00f3gica de Pereira Luis Fernando Gaviria Trujillo, rindi\u00f3 homenaje a Dolly Montoya Casta\u00f1o, quien recientemente asumi\u00f3 el cargo de rectora de la Universidad Nacional de Colombia para el per\u00edodo 2018-2021.<\/p>\n\n\n\n<p><span class=\"post-content__span\"> La profesional pereirana Dolly Montoya Casta\u00f1o&nbsp;es&nbsp;cient\u00edfica&nbsp;y&nbsp;qu\u00edmica farmac\u00e9utica, con maestr\u00eda en Ciencias Biom\u00e9dicas B\u00e1sicas de la Universidad&nbsp;Nacional Aut\u00f3noma de M\u00e9xico &#8211; UNAM, tiene un&nbsp;doctorado&nbsp;en Ciencias de&nbsp;la Universidad T\u00e9cnica de M\u00fanich en Alemania. Adem\u00e1s, cuenta con una especializaci\u00f3n en Gen\u00e9tica de Bacterias en Nueva York y una estancia&nbsp;Post-Doctoral en el Centro de Investigaci\u00f3n SPRU de la Universidad de Sussex en&nbsp;Inglaterra.<\/p>\n\n\n\n<p><span class=\"post-content__span\"> Cabe destacar que es la primera vez en los 150 a\u00f1os de historia de la&nbsp;Universidad&nbsp;Nacional que una&nbsp;mujer ocupa la rector\u00eda de este claustro.<\/p>\n\n\n\n<p><span class=\"post-content__span\"> En el 2010 Dolly Montoya Casta\u00f1o&nbsp;fue galardonada con el premio&nbsp;Mujeres&nbsp;de \u00c9xito y en el&nbsp;2013 fue destacada entre los 20 mejores l\u00edderes de Colombia, otorgado por la revista&nbsp;Semana.&nbsp;Es profesora de la&nbsp;Universidad Nacional de Colombia, donde cofund\u00f3 y dirigi\u00f3 su&nbsp;Instituto de Biotecnolog\u00eda&nbsp;entre 1982 y 1995.<\/p>\n\n\n\n<p><span class=\"post-content__span\"> La Universidad Tecnol\u00f3gica de Pereira, en cabeza del se\u00f1or Rector Luis Fernando Gaviria Trujillo, y la Vicerrectora de Investigaciones, Innovaci\u00f3n y Extensi\u00f3n, Martha Leonor Marulanda, resaltan el gran aporte en materia investigativa que ha realizado la cient\u00edfica en el \u00e1rea de Biotecnolog\u00eda, representando adem\u00e1s a la mujer pereirana.<\/p>\n","protected":false},"excerpt":{"rendered":"<p>UTP rinde\u00a0homenaje\u00a0a la a la Rectora de la Universidad Nacional En el marco del Primer Foro Regional de Bioeconom\u00eda, el [&hellip;]<\/p>\n","protected":false},"author":0,"featured_media":60343,"comment_status":"closed","ping_status":"closed","sticky":false,"template":"","format":"standard","meta":{"footnotes":""},"categories":[3],"tags":[],"class_list":["post-4971","post","type-post","status-publish","format-standard","has-post-thumbnail","hentry","category-noticias"],"_links":{"self":[{"href":"https:\/\/vicerrectorias.utp.edu.co\/responsabilidad-social\/wp-json\/wp\/v2\/posts\/4971","targetHints":{"allow":["GET"]}}],"collection":[{"href":"https:\/\/vicerrectorias.utp.edu.co\/responsabilidad-social\/wp-json\/wp\/v2\/posts"}],"about":[{"href":"https:\/\/vicerrectorias.utp.edu.co\/responsabilidad-social\/wp-json\/wp\/v2\/types\/post"}],"replies":[{"embeddable":true,"href":"https:\/\/vicerrectorias.utp.edu.co\/responsabilidad-social\/wp-json\/wp\/v2\/comments?post=4971"}],"version-history":[{"count":3,"href":"https:\/\/vicerrectorias.utp.edu.co\/responsabilidad-social\/wp-json\/wp\/v2\/posts\/4971\/revisions"}],"predecessor-version":[{"id":61330,"href":"https:\/\/vicerrectorias.utp.edu.co\/responsabilidad-social\/wp-json\/wp\/v2\/posts\/4971\/revisions\/61330"}],"wp:featuredmedia":[{"embeddable":true,"href":"https:\/\/vicerrectorias.utp.edu.co\/responsabilidad-social\/wp-json\/wp\/v2\/media\/60343"}],"wp:attachment":[{"href":"https:\/\/vicerrectorias.utp.edu.co\/responsabilidad-social\/wp-json\/wp\/v2\/media?parent=4971"}],"wp:term":[{"taxonomy":"category","embeddable":true,"href":"https:\/\/vicerrectorias.utp.edu.co\/responsabilidad-social\/wp-json\/wp\/v2\/categories?post=4971"},{"taxonomy":"post_tag","embeddable":true,"href":"https:\/\/vicerrectorias.utp.edu.co\/responsabilidad-social\/wp-json\/wp\/v2\/tags?post=4971"}],"curies":[{"name":"wp","href":"https:\/\/api.w.org\/{rel}","templated":true}]}}