{"id":4961,"date":"2018-07-11T15:53:28","date_gmt":"2018-07-11T13:53:28","guid":{"rendered":""},"modified":"2024-08-20T10:26:16","modified_gmt":"2024-08-20T08:26:16","slug":"matricula-de-la-utp-sigue-creciendo","status":"publish","type":"post","link":"https:\/\/vicerrectorias.utp.edu.co\/responsabilidad-social\/matricula-de-la-utp-sigue-creciendo\/","title":{"rendered":"Matr\u00edcula de la UTP sigue creciendo"},"content":{"rendered":"\n<p><span class=\"post-content__span\"> Matr\u00edcula de la UTP sigue creciendo<\/p>\n\n\n\n<p><span class=\"post-content__span\"> <img decoding=\"async\" alt=\"Matr\u00edcula de la UTP sigue creciendo\" src=\"https:\/\/comunicaciones.utp.edu.co\/wp-content\/uploads\/sites\/2\/campus-grafico.jpg\">El semestre I de 2018, cerr\u00f3 con 18.023 estudiantes tanto en los programas de pregrado y posgrado y esto muestra que el ingreso de estudiantes a la Universidad Tecnol\u00f3gica de Pereira sigue creciendo y la comunidad as\u00ed lo reconoce.<\/p>\n\n\n\n<p><span class=\"post-content__span\"> As\u00ed damos a conocer la respuesta correcta al sondeo semanal que realiza la Universidad Tecnol\u00f3gica de Pereira a trav\u00e9s de su p\u00e1gina web www.utp.edu.co, sobre conocimientos generales de los siete objetivos que conforman su Plan de Desarrollo Institucional: Desarrollo Institucional, Cobertura con Calidad; Bienestar Institucional; Investigaci\u00f3n, Innovaci\u00f3n y Extensi\u00f3n; Internacionalizaci\u00f3n, Impacto Regional y Alianzas Estrat\u00e9gicas.<\/p>\n\n\n\n<p><span class=\"post-content__span\"> En la pregunta correspondiente al objetivo de Cobertura con Calidad, consultamos a nuestros internautas sobre: \u00bfCu\u00e1ntos matriculados estudiantes cree usted registra hoy la Universidad Tecnol\u00f3gica de Pereira tanto en pregrado como posgrados?<\/p>\n\n\n\n<figure class=\"wp-block-image\"><img decoding=\"async\" src=\"https:\/\/comunicaciones.utp.edu.co\/wp-content\/uploads\/sites\/2\/grafico-10.jpg\" alt=\"\"\/><\/figure>\n\n\n\n<p><span class=\"post-content__span\"> El 57% de los consultados acert\u00f3 en su respuesta indicando que el n\u00famero de matriculados llegaba a 16.018 estudiantes,<em>cabe aclarar que esa cifra correspond\u00eda a la matr\u00edcula antes de finalizar el primer semestre<\/em>. Pero reiteramos que cerr\u00f3 en 18.023 y el incremento&nbsp;obedece a la matr\u00edcula en posgrado especialmente y algunos programas de pregrado.&nbsp;<\/p>\n\n\n\n<p><span class=\"post-content__span\"> Por su parte, el 21,45% se\u00f1al\u00f3 que la cifra llegaba a 15.403, 12,44% con 13.200 y 9,12% con 9.720.<\/p>\n","protected":false},"excerpt":{"rendered":"<p>Matr\u00edcula de la UTP sigue creciendo El semestre I de 2018, cerr\u00f3 con 18.023 estudiantes tanto en los programas de [&hellip;]<\/p>\n","protected":false},"author":0,"featured_media":60342,"comment_status":"closed","ping_status":"closed","sticky":false,"template":"","format":"standard","meta":{"footnotes":""},"categories":[3],"tags":[],"class_list":["post-4961","post","type-post","status-publish","format-standard","has-post-thumbnail","hentry","category-noticias"],"_links":{"self":[{"href":"https:\/\/vicerrectorias.utp.edu.co\/responsabilidad-social\/wp-json\/wp\/v2\/posts\/4961","targetHints":{"allow":["GET"]}}],"collection":[{"href":"https:\/\/vicerrectorias.utp.edu.co\/responsabilidad-social\/wp-json\/wp\/v2\/posts"}],"about":[{"href":"https:\/\/vicerrectorias.utp.edu.co\/responsabilidad-social\/wp-json\/wp\/v2\/types\/post"}],"replies":[{"embeddable":true,"href":"https:\/\/vicerrectorias.utp.edu.co\/responsabilidad-social\/wp-json\/wp\/v2\/comments?post=4961"}],"version-history":[{"count":2,"href":"https:\/\/vicerrectorias.utp.edu.co\/responsabilidad-social\/wp-json\/wp\/v2\/posts\/4961\/revisions"}],"predecessor-version":[{"id":61194,"href":"https:\/\/vicerrectorias.utp.edu.co\/responsabilidad-social\/wp-json\/wp\/v2\/posts\/4961\/revisions\/61194"}],"wp:featuredmedia":[{"embeddable":true,"href":"https:\/\/vicerrectorias.utp.edu.co\/responsabilidad-social\/wp-json\/wp\/v2\/media\/60342"}],"wp:attachment":[{"href":"https:\/\/vicerrectorias.utp.edu.co\/responsabilidad-social\/wp-json\/wp\/v2\/media?parent=4961"}],"wp:term":[{"taxonomy":"category","embeddable":true,"href":"https:\/\/vicerrectorias.utp.edu.co\/responsabilidad-social\/wp-json\/wp\/v2\/categories?post=4961"},{"taxonomy":"post_tag","embeddable":true,"href":"https:\/\/vicerrectorias.utp.edu.co\/responsabilidad-social\/wp-json\/wp\/v2\/tags?post=4961"}],"curies":[{"name":"wp","href":"https:\/\/api.w.org\/{rel}","templated":true}]}}