{"id":4941,"date":"2018-07-06T12:05:42","date_gmt":"2018-07-06T10:05:42","guid":{"rendered":""},"modified":"2024-08-20T11:07:48","modified_gmt":"2024-08-20T09:07:48","slug":"premio-andesco-a-mejor-institucion-academica","status":"publish","type":"post","link":"https:\/\/vicerrectorias.utp.edu.co\/responsabilidad-social\/premio-andesco-a-mejor-institucion-academica\/","title":{"rendered":"PREMIO ANDESCO A MEJOR INSTITUCI\u00d3N ACAD\u00c9MICA"},"content":{"rendered":"\n<p><span class=\"post-content__span\"> La UTP gana el Premio ANDESCO 2018 a la Responsabilidad Social Empresarial<\/p>\n\n\n\n<p><span class=\"post-content__span\"> <img decoding=\"async\" alt=\"La UTP gana el Premio ANDESCO 2018 a la Responsabilidad Social Empresarial\" src=\"https:\/\/comunicaciones.utp.edu.co\/wp-content\/uploads\/sites\/2\/Premio-Andesco-Campus.jpg\">Durante la jornada de premiaci\u00f3n de este viernes 6 de julio de 2018, se entreg\u00f3 reconocimiento a la Universidad Tecnol\u00f3gica de Pereira por su Responsabilidad Social.<\/p>\n\n\n\n<p><span class=\"post-content__span\"> Por primera vez una Instituci\u00f3n de educaci\u00f3n superior se hace acreedora a este importante galard\u00f3n que reconoce el &nbsp;trabajo de La Universidad Tecnol\u00f3gica de Pereira, el &nbsp;inter\u00e9s en las acciones de responsabilidad con sus comunidades y con el medio ambiente.<\/p>\n\n\n\n<p><span class=\"post-content__span\"> El premio ANDESCO de sostenibilidad tiene como objetivo promover y valorar los esfuerzos de las organizaciones en torno a la Responsabilidad Social Empresarial en el marco de los Objetivos de Desarrollo Sostenible &#8211; ODS.<\/p>\n\n\n\n<p><span class=\"post-content__span\"> La Universidad Tecnol\u00f3gica de Pereira en el a\u00f1o 2005 asumi\u00f3 el compromiso de la Responsabilidad Social Universitaria bajo el liderazgo de Diana Patricia G\u00f3mez y en el 2010 el Consejo Superior Universitario cre\u00f3 la Vicerector\u00eda de Responsabilidad Social y Bienestar Universitario, desde la cual se adelantan estrategias como el Programa de Acompa\u00f1amiento Integral a la comunidad universitaria, \u00a0l\u00edneas de acci\u00f3n social, la inclusi\u00f3n, la paz, la salud, el deporte y la recreaci\u00f3n, los apoyos econ\u00f3micos, sociales y acad\u00e9micos.<\/p>\n\n\n\n<p><span class=\"post-content__span\"> \u00a0<img decoding=\"async\" src=\"https:\/\/comunicaciones.utp.edu.co\/wp-content\/uploads\/sites\/2\/Premio.jpg\" alt=\"\"><\/p>\n\n\n\n<p><span class=\"post-content__span\"> \u201cLas Instituciones de Educaci\u00f3n Superior tenemos tres ejes fundamentales de acci\u00f3n: docencia, investigaci\u00f3n y extensi\u00f3n, pero es claro que debemos trascender la coyuntural tarea de formar ciudadanos \u00edntegros y buscar la transformaci\u00f3n social desde la ciencia, generando as\u00ed verdadero impacto en nuestras regiones, y esto hace que nos debamos percibir como organizaciones que deben ser administradas y autorreguladas\u201d expres\u00f3 el rector de la Universidad Tecnol\u00f3gica de Pereira Luis Fernando Gaviria Trujillo.<\/p>\n\n\n\n<p><span class=\"post-content__span\"> La Universidad Tecnol\u00f3gica de Pereira es aliada del Pacto Global y sus representantes en el Eje Cafetero, implement\u00f3 la Escuela de Liderazgo para la Paz donde se ha capacitado a m\u00e1s de 1.000 ciudadanos, es reconocida como Green Campus, cuenta con un Jard\u00edn Bot\u00e1nico \u00fanico en la regi\u00f3n, su infraestructura es pensada para la sostenibilidad y cuidado ambiental y se preocupa por realizar continuas campa\u00f1as educativas sobre la fauna, la flora y el medio ambiente.&nbsp;<\/p>\n\n\n\n<p><span class=\"post-content__span\"> Luis Fernando Gaviria Trujillo al momento de recibir el premio asegur\u00f3 \u201clas Universidades P\u00fablicas de Colombia comprendimos que nuestro papel en esta etapa de postconflicto debe ser activo y en virtud, nuestros estudiantes, administrativos y docentes lo dieron todo de s\u00ed, cada uno desde lo que tiene, cada uno aportando su grano de arena a la construcci\u00f3n de un mejor pa\u00eds, de la sociedad que nos merecemos y que queremos para las futuras generaciones\u201d.<\/p>\n\n\n\n<figure class=\"wp-block-image\"><img decoding=\"async\" src=\"https:\/\/comunicaciones.utp.edu.co\/wp-content\/uploads\/sites\/2\/Premio-andesco3.jpg\" alt=\"\"\/><\/figure>\n\n\n\n<p><span class=\"post-content__span\"> El rector dijo adem\u00e1s \u201cEste premio es un reconocimiento a la labor de diferentes grupos de la comunidad universitaria, entre los que se destacan la Vicerector\u00eda de Responsabilidad Social y Bienestar Universitario, la oficina de Planeaci\u00f3n, la Escuela de Liderazgo para la Paz, el Jard\u00edn Bot\u00e1nico y el Centro de Gesti\u00f3n Ambiental\u201d.<\/p>\n\n\n\n<figure class=\"wp-block-image\"><img decoding=\"async\" src=\"https:\/\/www.utp.edu.co\/institucional\/cms\/js\/tiny_mce\/plugins\/media\/img\/trans.gif\" alt=\"\" title=\"src:'<iframe width=\\\"\/><\/figure>\n\n\n\n<p><span class=\"post-content__span\"> <strong>&nbsp;<\/strong>Este es un gran logro y reconocimiento para todas las personas que han trabajado con esmero, compromiso, amor y dedicaci\u00f3n en el proceso de Responsabilidad Social que se viene adelantando como universidad. Gracias y felicitaciones!!!<\/p>\n\n\n\n<figure class=\"wp-block-image\"><img decoding=\"async\" src=\"https:\/\/vicerrectorias.utp.edu.co\/responsabilidad-social\/wp-content\/uploads\/sites\/12\/IMG-20180706-WA0005.jpg\" alt=\"\"\/><\/figure>\n\n\n\n<figure class=\"wp-block-image\"><img decoding=\"async\" src=\"https:\/\/vicerrectorias.utp.edu.co\/responsabilidad-social\/wp-content\/uploads\/sites\/12\/IMG-20180706-WA0004.jpg\" alt=\"\"\/><\/figure>\n","protected":false},"excerpt":{"rendered":"<p>La UTP gana el Premio ANDESCO 2018 a la Responsabilidad Social Empresarial Durante la jornada de premiaci\u00f3n de este viernes [&hellip;]<\/p>\n","protected":false},"author":0,"featured_media":60340,"comment_status":"closed","ping_status":"closed","sticky":false,"template":"","format":"standard","meta":{"footnotes":""},"categories":[3],"tags":[],"class_list":["post-4941","post","type-post","status-publish","format-standard","has-post-thumbnail","hentry","category-noticias"],"_links":{"self":[{"href":"https:\/\/vicerrectorias.utp.edu.co\/responsabilidad-social\/wp-json\/wp\/v2\/posts\/4941","targetHints":{"allow":["GET"]}}],"collection":[{"href":"https:\/\/vicerrectorias.utp.edu.co\/responsabilidad-social\/wp-json\/wp\/v2\/posts"}],"about":[{"href":"https:\/\/vicerrectorias.utp.edu.co\/responsabilidad-social\/wp-json\/wp\/v2\/types\/post"}],"replies":[{"embeddable":true,"href":"https:\/\/vicerrectorias.utp.edu.co\/responsabilidad-social\/wp-json\/wp\/v2\/comments?post=4941"}],"version-history":[{"count":2,"href":"https:\/\/vicerrectorias.utp.edu.co\/responsabilidad-social\/wp-json\/wp\/v2\/posts\/4941\/revisions"}],"predecessor-version":[{"id":61239,"href":"https:\/\/vicerrectorias.utp.edu.co\/responsabilidad-social\/wp-json\/wp\/v2\/posts\/4941\/revisions\/61239"}],"wp:featuredmedia":[{"embeddable":true,"href":"https:\/\/vicerrectorias.utp.edu.co\/responsabilidad-social\/wp-json\/wp\/v2\/media\/60340"}],"wp:attachment":[{"href":"https:\/\/vicerrectorias.utp.edu.co\/responsabilidad-social\/wp-json\/wp\/v2\/media?parent=4941"}],"wp:term":[{"taxonomy":"category","embeddable":true,"href":"https:\/\/vicerrectorias.utp.edu.co\/responsabilidad-social\/wp-json\/wp\/v2\/categories?post=4941"},{"taxonomy":"post_tag","embeddable":true,"href":"https:\/\/vicerrectorias.utp.edu.co\/responsabilidad-social\/wp-json\/wp\/v2\/tags?post=4941"}],"curies":[{"name":"wp","href":"https:\/\/api.w.org\/{rel}","templated":true}]}}