{"id":4931,"date":"2018-07-03T10:54:14","date_gmt":"2018-07-03T08:54:14","guid":{"rendered":""},"modified":"2024-08-16T08:29:43","modified_gmt":"2024-08-16T06:29:43","slug":"conozca-las-fuentes-de-financiacion","status":"publish","type":"post","link":"https:\/\/vicerrectorias.utp.edu.co\/responsabilidad-social\/conozca-las-fuentes-de-financiacion\/","title":{"rendered":"Conozca las fuentes de financiaci\u00f3n"},"content":{"rendered":"\n<p><span class=\"post-content__span\"> Conozca las fuentes de financiaci\u00f3n<\/p>\n\n\n\n<p><span class=\"post-content__span\"> <img decoding=\"async\" src=\"https:\/\/comunicaciones.utp.edu.co\/wp-content\/uploads\/sites\/2\/Conozca-las-fuentes-de-financiacion-minatura.jpg\" alt=\"Conozca las fuentes de financiaci\u00f3n\"><\/p>\n\n\n\n<p><span class=\"post-content__span\"> A continuaci\u00f3n presentamos las convocatorias que est\u00e1n abiertas tanto a nivel nacional como internacional y que pueden ser de inter\u00e9s para las facultades, grupos de investigaci\u00f3n, dependencias administrativas y comunidad universitaria en general.<\/p>\n\n\n\n<p><span class=\"post-content__span\"> Estas se convierten en una oportunidad para la financiaci\u00f3n de proyectos de diferente tipo y que aporten al cumplimiento de los retos establecidos en el Plan de Desarrollo Institucional 2009 \u2013 2019.<\/p>\n\n\n\n<p><span class=\"post-content__span\"> <a href=\"https:\/\/www.utp.edu.co\/cms-utp\/data\/bin\/UTP\/web\/uploads\/media\/comunicaciones\/documentos\/Fuentes-de-financiacion.pdf\">Ver documento adjunto&nbsp;<\/a><\/p>\n","protected":false},"excerpt":{"rendered":"<p>Conozca las fuentes de financiaci\u00f3n A continuaci\u00f3n presentamos las convocatorias que est\u00e1n abiertas tanto a nivel nacional como internacional y [&hellip;]<\/p>\n","protected":false},"author":0,"featured_media":60339,"comment_status":"closed","ping_status":"closed","sticky":false,"template":"","format":"standard","meta":{"footnotes":""},"categories":[3],"tags":[],"class_list":["post-4931","post","type-post","status-publish","format-standard","has-post-thumbnail","hentry","category-noticias"],"_links":{"self":[{"href":"https:\/\/vicerrectorias.utp.edu.co\/responsabilidad-social\/wp-json\/wp\/v2\/posts\/4931","targetHints":{"allow":["GET"]}}],"collection":[{"href":"https:\/\/vicerrectorias.utp.edu.co\/responsabilidad-social\/wp-json\/wp\/v2\/posts"}],"about":[{"href":"https:\/\/vicerrectorias.utp.edu.co\/responsabilidad-social\/wp-json\/wp\/v2\/types\/post"}],"replies":[{"embeddable":true,"href":"https:\/\/vicerrectorias.utp.edu.co\/responsabilidad-social\/wp-json\/wp\/v2\/comments?post=4931"}],"version-history":[{"count":3,"href":"https:\/\/vicerrectorias.utp.edu.co\/responsabilidad-social\/wp-json\/wp\/v2\/posts\/4931\/revisions"}],"predecessor-version":[{"id":60872,"href":"https:\/\/vicerrectorias.utp.edu.co\/responsabilidad-social\/wp-json\/wp\/v2\/posts\/4931\/revisions\/60872"}],"wp:featuredmedia":[{"embeddable":true,"href":"https:\/\/vicerrectorias.utp.edu.co\/responsabilidad-social\/wp-json\/wp\/v2\/media\/60339"}],"wp:attachment":[{"href":"https:\/\/vicerrectorias.utp.edu.co\/responsabilidad-social\/wp-json\/wp\/v2\/media?parent=4931"}],"wp:term":[{"taxonomy":"category","embeddable":true,"href":"https:\/\/vicerrectorias.utp.edu.co\/responsabilidad-social\/wp-json\/wp\/v2\/categories?post=4931"},{"taxonomy":"post_tag","embeddable":true,"href":"https:\/\/vicerrectorias.utp.edu.co\/responsabilidad-social\/wp-json\/wp\/v2\/tags?post=4931"}],"curies":[{"name":"wp","href":"https:\/\/api.w.org\/{rel}","templated":true}]}}