{"id":4921,"date":"2018-06-29T09:56:45","date_gmt":"2018-06-29T07:56:45","guid":{"rendered":""},"modified":"2024-08-20T08:33:38","modified_gmt":"2024-08-20T06:33:38","slug":"has-parte-de-nuestra-politica-ambiental","status":"publish","type":"post","link":"https:\/\/vicerrectorias.utp.edu.co\/responsabilidad-social\/has-parte-de-nuestra-politica-ambiental\/","title":{"rendered":"Has parte de nuestra pol\u00edtica ambiental"},"content":{"rendered":"\n<p><span class=\"post-content__span\"> \u00a1Utiliza un marcador recargable!<\/p>\n\n\n\n<p><span class=\"post-content__span\"> <img decoding=\"async\" alt=\"\u00a1Utiliza un marcador recargable!\" src=\"https:\/\/comunicaciones.utp.edu.co\/wp-content\/uploads\/sites\/2\/utiliza.jpg\">T\u00fa eres parte de la UTP y de nuestra Pol\u00edtica Ambiental, ay\u00fadanos a fomentar el uso del marcador recargable, usarlo te hace una persona con pr\u00e1cticas sustentables, reduces basura contaminante, el consumo de recursos naturales, energ\u00eda y transporte.<\/p>\n\n\n\n<p><span class=\"post-content__span\"> \u00a1En la Universidad Tecnol\u00f3gica de Pereira estamos Construyendo un Campus Sustentable!&nbsp;<\/p>\n\n\n\n<figure class=\"wp-block-image\"><img decoding=\"async\" src=\"https:\/\/comunicaciones.utp.edu.co\/wp-content\/uploads\/sites\/2\/Marcador.jpg\" alt=\"\"\/><\/figure>\n","protected":false},"excerpt":{"rendered":"<p>\u00a1Utiliza un marcador recargable! T\u00fa eres parte de la UTP y de nuestra Pol\u00edtica Ambiental, ay\u00fadanos a fomentar el uso [&hellip;]<\/p>\n","protected":false},"author":0,"featured_media":60338,"comment_status":"closed","ping_status":"closed","sticky":false,"template":"","format":"standard","meta":{"footnotes":""},"categories":[3],"tags":[],"class_list":["post-4921","post","type-post","status-publish","format-standard","has-post-thumbnail","hentry","category-noticias"],"_links":{"self":[{"href":"https:\/\/vicerrectorias.utp.edu.co\/responsabilidad-social\/wp-json\/wp\/v2\/posts\/4921","targetHints":{"allow":["GET"]}}],"collection":[{"href":"https:\/\/vicerrectorias.utp.edu.co\/responsabilidad-social\/wp-json\/wp\/v2\/posts"}],"about":[{"href":"https:\/\/vicerrectorias.utp.edu.co\/responsabilidad-social\/wp-json\/wp\/v2\/types\/post"}],"replies":[{"embeddable":true,"href":"https:\/\/vicerrectorias.utp.edu.co\/responsabilidad-social\/wp-json\/wp\/v2\/comments?post=4921"}],"version-history":[{"count":2,"href":"https:\/\/vicerrectorias.utp.edu.co\/responsabilidad-social\/wp-json\/wp\/v2\/posts\/4921\/revisions"}],"predecessor-version":[{"id":61100,"href":"https:\/\/vicerrectorias.utp.edu.co\/responsabilidad-social\/wp-json\/wp\/v2\/posts\/4921\/revisions\/61100"}],"wp:featuredmedia":[{"embeddable":true,"href":"https:\/\/vicerrectorias.utp.edu.co\/responsabilidad-social\/wp-json\/wp\/v2\/media\/60338"}],"wp:attachment":[{"href":"https:\/\/vicerrectorias.utp.edu.co\/responsabilidad-social\/wp-json\/wp\/v2\/media?parent=4921"}],"wp:term":[{"taxonomy":"category","embeddable":true,"href":"https:\/\/vicerrectorias.utp.edu.co\/responsabilidad-social\/wp-json\/wp\/v2\/categories?post=4921"},{"taxonomy":"post_tag","embeddable":true,"href":"https:\/\/vicerrectorias.utp.edu.co\/responsabilidad-social\/wp-json\/wp\/v2\/tags?post=4921"}],"curies":[{"name":"wp","href":"https:\/\/api.w.org\/{rel}","templated":true}]}}