{"id":4911,"date":"2018-06-25T10:07:38","date_gmt":"2018-06-25T08:07:38","guid":{"rendered":""},"modified":"2024-08-15T13:39:34","modified_gmt":"2024-08-15T11:39:34","slug":"aguas-aguas-y-utp-unen-esfuerzos","status":"publish","type":"post","link":"https:\/\/vicerrectorias.utp.edu.co\/responsabilidad-social\/aguas-aguas-y-utp-unen-esfuerzos\/","title":{"rendered":"Aguas &#038; Aguas y UTP unen esfuerzos"},"content":{"rendered":"\n<p><span class=\"post-content__span\"> <span>Aguas &amp; Aguas y UTP unen esfuerzos por la resignificaci\u00f3n de la Cuenca del r\u00edo Ot\u00fan<\/span><\/p>\n\n\n\n<p><span class=\"post-content__span\"> <img decoding=\"async\" src=\"https:\/\/comunicaciones.utp.edu.co\/wp-content\/uploads\/sites\/2\/Aguas-Aguas-y-UTP.jpg\" alt=\"Aguas &amp; Aguas y UTP unen esfuerzos por la resignificaci\u00f3n de la Cuenca del r\u00edo Ot\u00fan\"><\/p>\n\n\n\n<p><span class=\"post-content__span\"> Aguas y Aguas y la Universidad Tecnol\u00f3gica de Pereira, fortalecen la Alianza Estrat\u00e9gica que vienen consolidando desde el a\u00f1o 2016, y en esta vigencia se unen para trabajar en un proyecto que involucra aspectos investigativos, anal\u00edticos e intervenci\u00f3n social, que tiene como objetivo la re-significaci\u00f3n del agua.<\/p>\n\n\n\n<p><span class=\"post-content__span\"> As\u00ed a trav\u00e9s del proyecto de implementaci\u00f3n de un laboratorio de desarrollo sostenible e innovaci\u00f3n social, se adelantar\u00e1n estrategias de gesti\u00f3n integral de la biodiversidad y sus servicios ecosist\u00e9micos en la cuenca del R\u00edo Ot\u00fan.<\/p>\n\n\n\n<p><span class=\"post-content__span\"> Durante seis meses, se trabajar\u00e1 en dos grandes frentes: el primero, con un fuerte componente investigativo que pretende implementar estrategias que contribuyan al uso sustentable y a la conservaci\u00f3n de la cuenca del r\u00edo Ot\u00fan; determinando poblaci\u00f3n, especies y condici\u00f3n actual en especial, de la parte alta cuenca entre otros.<\/p>\n\n\n\n<p><span class=\"post-content__span\"> El segundo, en donde se adelantar\u00e1 un programa de intervenci\u00f3n social con diferentes grupos de valor de Aguas y Aguas, para concientizar a la poblaci\u00f3n sobre el derecho fundamental del agua, pero tambi\u00e9n su re-significaci\u00f3n, y adicionalmente la resoluci\u00f3n de conflictos.<\/p>\n\n\n\n<p><span class=\"post-content__span\"> El di\u00e1logo directo con las comunidades tanto suscriptores como habitantes de la cuenca alta, la restauraci\u00f3n ecol\u00f3gica son solo una parte de los aspectos que se trabajar\u00e1n en este proyecto.<\/p>\n","protected":false},"excerpt":{"rendered":"<p>Aguas &amp; Aguas y UTP unen esfuerzos por la resignificaci\u00f3n de la Cuenca del r\u00edo Ot\u00fan Aguas y Aguas y [&hellip;]<\/p>\n","protected":false},"author":0,"featured_media":60337,"comment_status":"closed","ping_status":"closed","sticky":false,"template":"","format":"standard","meta":{"footnotes":""},"categories":[3],"tags":[],"class_list":["post-4911","post","type-post","status-publish","format-standard","has-post-thumbnail","hentry","category-noticias"],"_links":{"self":[{"href":"https:\/\/vicerrectorias.utp.edu.co\/responsabilidad-social\/wp-json\/wp\/v2\/posts\/4911","targetHints":{"allow":["GET"]}}],"collection":[{"href":"https:\/\/vicerrectorias.utp.edu.co\/responsabilidad-social\/wp-json\/wp\/v2\/posts"}],"about":[{"href":"https:\/\/vicerrectorias.utp.edu.co\/responsabilidad-social\/wp-json\/wp\/v2\/types\/post"}],"replies":[{"embeddable":true,"href":"https:\/\/vicerrectorias.utp.edu.co\/responsabilidad-social\/wp-json\/wp\/v2\/comments?post=4911"}],"version-history":[{"count":3,"href":"https:\/\/vicerrectorias.utp.edu.co\/responsabilidad-social\/wp-json\/wp\/v2\/posts\/4911\/revisions"}],"predecessor-version":[{"id":9133,"href":"https:\/\/vicerrectorias.utp.edu.co\/responsabilidad-social\/wp-json\/wp\/v2\/posts\/4911\/revisions\/9133"}],"wp:featuredmedia":[{"embeddable":true,"href":"https:\/\/vicerrectorias.utp.edu.co\/responsabilidad-social\/wp-json\/wp\/v2\/media\/60337"}],"wp:attachment":[{"href":"https:\/\/vicerrectorias.utp.edu.co\/responsabilidad-social\/wp-json\/wp\/v2\/media?parent=4911"}],"wp:term":[{"taxonomy":"category","embeddable":true,"href":"https:\/\/vicerrectorias.utp.edu.co\/responsabilidad-social\/wp-json\/wp\/v2\/categories?post=4911"},{"taxonomy":"post_tag","embeddable":true,"href":"https:\/\/vicerrectorias.utp.edu.co\/responsabilidad-social\/wp-json\/wp\/v2\/tags?post=4911"}],"curies":[{"name":"wp","href":"https:\/\/api.w.org\/{rel}","templated":true}]}}