{"id":4871,"date":"2018-06-20T16:29:38","date_gmt":"2018-06-20T14:29:38","guid":{"rendered":""},"modified":"2024-08-20T10:41:19","modified_gmt":"2024-08-20T08:41:19","slug":"nuevo-horario-atencion-jovenes-en-accion","status":"publish","type":"post","link":"https:\/\/vicerrectorias.utp.edu.co\/responsabilidad-social\/nuevo-horario-atencion-jovenes-en-accion\/","title":{"rendered":"Nuevo horario atenci\u00f3n J\u00f3venes en Acci\u00f3n"},"content":{"rendered":"\n<p><span class=\"post-content__span\"> Horario de atenci\u00f3n Oficina J\u00f3venes en Acci\u00f3n<\/p>\n\n\n\n<p><span class=\"post-content__span\"> <img decoding=\"async\" alt=\"Horario de atenci\u00f3n Oficina J\u00f3venes en Acci\u00f3n\" src=\"https:\/\/comunicaciones.utp.edu.co\/wp-content\/uploads\/sites\/2\/logo-jovenes-en-accion-nueva-medida.jpg\">Por motivo de entrega de incentivos&nbsp;el nuevo horario&nbsp;de atenci\u00f3n de la oficina J\u00f3venes en Acci\u00f3n&nbsp;del 19 al 29 de junio&nbsp;ser\u00e1 de 8:00 am a 4:00 pm en jornada continua.<\/p>\n","protected":false},"excerpt":{"rendered":"<p>Horario de atenci\u00f3n Oficina J\u00f3venes en Acci\u00f3n Por motivo de entrega de incentivos&nbsp;el nuevo horario&nbsp;de atenci\u00f3n de la oficina J\u00f3venes [&hellip;]<\/p>\n","protected":false},"author":0,"featured_media":60333,"comment_status":"closed","ping_status":"closed","sticky":false,"template":"","format":"standard","meta":{"footnotes":""},"categories":[3],"tags":[],"class_list":["post-4871","post","type-post","status-publish","format-standard","has-post-thumbnail","hentry","category-noticias"],"_links":{"self":[{"href":"https:\/\/vicerrectorias.utp.edu.co\/responsabilidad-social\/wp-json\/wp\/v2\/posts\/4871","targetHints":{"allow":["GET"]}}],"collection":[{"href":"https:\/\/vicerrectorias.utp.edu.co\/responsabilidad-social\/wp-json\/wp\/v2\/posts"}],"about":[{"href":"https:\/\/vicerrectorias.utp.edu.co\/responsabilidad-social\/wp-json\/wp\/v2\/types\/post"}],"replies":[{"embeddable":true,"href":"https:\/\/vicerrectorias.utp.edu.co\/responsabilidad-social\/wp-json\/wp\/v2\/comments?post=4871"}],"version-history":[{"count":2,"href":"https:\/\/vicerrectorias.utp.edu.co\/responsabilidad-social\/wp-json\/wp\/v2\/posts\/4871\/revisions"}],"predecessor-version":[{"id":61210,"href":"https:\/\/vicerrectorias.utp.edu.co\/responsabilidad-social\/wp-json\/wp\/v2\/posts\/4871\/revisions\/61210"}],"wp:featuredmedia":[{"embeddable":true,"href":"https:\/\/vicerrectorias.utp.edu.co\/responsabilidad-social\/wp-json\/wp\/v2\/media\/60333"}],"wp:attachment":[{"href":"https:\/\/vicerrectorias.utp.edu.co\/responsabilidad-social\/wp-json\/wp\/v2\/media?parent=4871"}],"wp:term":[{"taxonomy":"category","embeddable":true,"href":"https:\/\/vicerrectorias.utp.edu.co\/responsabilidad-social\/wp-json\/wp\/v2\/categories?post=4871"},{"taxonomy":"post_tag","embeddable":true,"href":"https:\/\/vicerrectorias.utp.edu.co\/responsabilidad-social\/wp-json\/wp\/v2\/tags?post=4871"}],"curies":[{"name":"wp","href":"https:\/\/api.w.org\/{rel}","templated":true}]}}