{"id":4851,"date":"2018-06-12T09:11:14","date_gmt":"2018-06-12T07:11:14","guid":{"rendered":""},"modified":"2024-08-20T14:31:19","modified_gmt":"2024-08-20T12:31:19","slug":"toma-con-facultades","status":"publish","type":"post","link":"https:\/\/vicerrectorias.utp.edu.co\/responsabilidad-social\/toma-con-facultades\/","title":{"rendered":"Toma con Facultades"},"content":{"rendered":"\n<p><span class=\"post-content__span\"> Toma con Facultades<\/p>\n\n\n\n<p><span class=\"post-content__span\"> <img decoding=\"async\" alt=\"Toma con Facultades\" src=\"https:\/\/comunicaciones.utp.edu.co\/wp-content\/uploads\/sites\/2\/Portada-plan.png\">Concurso, dulces, sorpresas y sobre todo mucha informaci\u00f3n se entregaron durante las 11 Tomas con Facultades de la Universidad Tecnol\u00f3gica de Pereira, durante tres semanas y que logr\u00f3 impactar a 1648 personas, en su mayor\u00eda estudiantes.<\/p>\n\n\n\n<p><span class=\"post-content__span\"> Esta estrategia de comunicaci\u00f3n, forma parte del proceso de aprestamiento para la formulaci\u00f3n del nuevo Plan de Desarrollo Institucional y del proceso de Autoevaluaci\u00f3n con fines de Reacreditaci\u00f3n, pero tambi\u00e9n como una forma de dar a conocer en qu\u00e9 est\u00e1 la U, qu\u00e9 proyectos se incluyen en el nuevo per\u00edodo rectoral 2018-2020 y el C\u00f3digo de Integridad.<\/p>\n\n\n\n<p><span class=\"post-content__span\"> Toda la informaci\u00f3n recogida a trav\u00e9s 1.118 encuestas diligenciadas, durante el recorrido a los edificios del campus, se est\u00e1 sistematizando y ser\u00e1 la base fundamental para la formulaci\u00f3n del Nuevo Plan de Desarrollo Institucional y el proceso de Autoevaluaci\u00f3n con fines de Reacreditaci\u00f3n.<\/p>\n\n\n\n<p><span class=\"post-content__span\"> As\u00ed mismo, los invitamos a&nbsp;consultar el siguiente enlace&nbsp;<a rel=\"noreferrer noopener\" href=\"https:\/\/bit.ly\/Gestion2017UTP\" target=\"_blank\">https:\/\/bit.ly\/Gestion2017UTP<\/a>&nbsp;&nbsp;donde podr\u00e1n encontrar:<\/p>\n\n\n\n<p><span class=\"post-content__span\"> \u00b7&nbsp;&nbsp;&nbsp;&nbsp;&nbsp;&nbsp;&nbsp;&nbsp;&nbsp;Resultados PDI 2017<\/p>\n\n\n\n<p><span class=\"post-content__span\"> \u00b7&nbsp;&nbsp;&nbsp;&nbsp;&nbsp;&nbsp;&nbsp;&nbsp;&nbsp;Programa de Gobierno Rector 2018-2020<\/p>\n\n\n\n<p><span class=\"post-content__span\"> \u00b7&nbsp;&nbsp;&nbsp;&nbsp;&nbsp;&nbsp;&nbsp;&nbsp;&nbsp;Urna de cristal (formulaci\u00f3n nuevo PDI y proceso de autoevaluaci\u00f3n con fines de recreaditaci\u00f3n)<\/p>\n\n\n\n<p><span class=\"post-content__span\"> \u00b7&nbsp;&nbsp;&nbsp;&nbsp;&nbsp;&nbsp;&nbsp;&nbsp;&nbsp;Estad\u00edsticas institucionales<\/p>\n\n\n\n<p><span class=\"post-content__span\"> Video&nbsp;https:\/\/youtu.be\/NyG1AyqqeSM<\/p>\n\n\n\n<figure class=\"wp-block-embed is-type-video is-provider-youtube wp-block-embed-youtube wp-embed-aspect-16-9 wp-has-aspect-ratio\"><div class=\"wp-block-embed__wrapper\">\n<iframe loading=\"lazy\" title=\"Campus Clips - Toma de Facultades\" width=\"500\" height=\"281\" src=\"https:\/\/www.youtube.com\/embed\/NyG1AyqqeSM?feature=oembed\" frameborder=\"0\" allow=\"accelerometer; autoplay; clipboard-write; encrypted-media; gyroscope; picture-in-picture; web-share\" referrerpolicy=\"strict-origin-when-cross-origin\" allowfullscreen><\/iframe>\n<\/div><\/figure>\n","protected":false},"excerpt":{"rendered":"<p>Toma con Facultades Concurso, dulces, sorpresas y sobre todo mucha informaci\u00f3n se entregaron durante las 11 Tomas con Facultades de [&hellip;]<\/p>\n","protected":false},"author":0,"featured_media":60331,"comment_status":"closed","ping_status":"closed","sticky":false,"template":"","format":"standard","meta":{"footnotes":""},"categories":[3],"tags":[],"class_list":["post-4851","post","type-post","status-publish","format-standard","has-post-thumbnail","hentry","category-noticias"],"_links":{"self":[{"href":"https:\/\/vicerrectorias.utp.edu.co\/responsabilidad-social\/wp-json\/wp\/v2\/posts\/4851","targetHints":{"allow":["GET"]}}],"collection":[{"href":"https:\/\/vicerrectorias.utp.edu.co\/responsabilidad-social\/wp-json\/wp\/v2\/posts"}],"about":[{"href":"https:\/\/vicerrectorias.utp.edu.co\/responsabilidad-social\/wp-json\/wp\/v2\/types\/post"}],"replies":[{"embeddable":true,"href":"https:\/\/vicerrectorias.utp.edu.co\/responsabilidad-social\/wp-json\/wp\/v2\/comments?post=4851"}],"version-history":[{"count":3,"href":"https:\/\/vicerrectorias.utp.edu.co\/responsabilidad-social\/wp-json\/wp\/v2\/posts\/4851\/revisions"}],"predecessor-version":[{"id":61317,"href":"https:\/\/vicerrectorias.utp.edu.co\/responsabilidad-social\/wp-json\/wp\/v2\/posts\/4851\/revisions\/61317"}],"wp:featuredmedia":[{"embeddable":true,"href":"https:\/\/vicerrectorias.utp.edu.co\/responsabilidad-social\/wp-json\/wp\/v2\/media\/60331"}],"wp:attachment":[{"href":"https:\/\/vicerrectorias.utp.edu.co\/responsabilidad-social\/wp-json\/wp\/v2\/media?parent=4851"}],"wp:term":[{"taxonomy":"category","embeddable":true,"href":"https:\/\/vicerrectorias.utp.edu.co\/responsabilidad-social\/wp-json\/wp\/v2\/categories?post=4851"},{"taxonomy":"post_tag","embeddable":true,"href":"https:\/\/vicerrectorias.utp.edu.co\/responsabilidad-social\/wp-json\/wp\/v2\/tags?post=4851"}],"curies":[{"name":"wp","href":"https:\/\/api.w.org\/{rel}","templated":true}]}}