{"id":4831,"date":"2018-06-05T12:11:08","date_gmt":"2018-06-05T10:11:08","guid":{"rendered":""},"modified":"2024-08-20T10:27:35","modified_gmt":"2024-08-20T08:27:35","slug":"men-invita-al-taller-analisis-de-carrera-profesora","status":"publish","type":"post","link":"https:\/\/vicerrectorias.utp.edu.co\/responsabilidad-social\/men-invita-al-taller-analisis-de-carrera-profesora\/","title":{"rendered":"MEN invita al Taller An\u00e1lisis de Carrera Profesora"},"content":{"rendered":"\n<p><span class=\"post-content__span\"> MEN invita al Taller An\u00e1lisis de Carrera Profesoral<\/p>\n\n\n\n<p><span class=\"post-content__span\"> <img decoding=\"async\" alt=\"MEN invita al Taller An\u00e1lisis de Carrera Profesoral\" src=\"https:\/\/comunicaciones.utp.edu.co\/wp-content\/uploads\/sites\/2\/logo-ministerio-de-educacion-nacional-294-x-176.jpg\">El Ministerio de Educaci\u00f3n Nacional, invita al primer taller de&nbsp;<strong>An\u00e1lisis de Carrera Profesoral: escenarios, dilemas y retos<\/strong>, para las Universidades de Antioquia, Caldas, Quind\u00edo, Tecnol\u00f3gica de Pereira y Tecnol\u00f3gica del Choco.&nbsp;<\/p>\n\n\n\n<p><span class=\"post-content__span\"> Fecha: 6 de junio a las<\/p>\n\n\n\n<p><span class=\"post-content__span\"> Hora:&nbsp;8:30 a.m.&nbsp;&nbsp;<\/p>\n\n\n\n<p><span class=\"post-content__span\"> &nbsp;Lugar:&nbsp;Universidad Tecnol\u00f3gica de Pereira, Auditorio Jorge Roa Martinez.<\/p>\n\n\n\n<p><span class=\"post-content__span\"> Objetivo del evento:&nbsp;Avanzar en la revisi\u00f3n del Decreto 1279 de 2002 con la participaci\u00f3n de profesores, directivas de las universidades p\u00fablicas y representantes del Gobierno nacional con los cuales se analizar\u00e1n, por un lado, los aspectos nodales y neur\u00e1lgicos asociados con la carrera profesoral en general y con dicho Decreto en particular y, por otro, algunas alternativas de modificaci\u00f3n de aspectos relacionados con la carrera profesoral tales como su definici\u00f3n, articulaci\u00f3n y proyecci\u00f3n.<\/p>\n","protected":false},"excerpt":{"rendered":"<p>MEN invita al Taller An\u00e1lisis de Carrera Profesoral El Ministerio de Educaci\u00f3n Nacional, invita al primer taller de&nbsp;An\u00e1lisis de Carrera [&hellip;]<\/p>\n","protected":false},"author":0,"featured_media":60329,"comment_status":"closed","ping_status":"closed","sticky":false,"template":"","format":"standard","meta":{"footnotes":""},"categories":[3],"tags":[],"class_list":["post-4831","post","type-post","status-publish","format-standard","has-post-thumbnail","hentry","category-noticias"],"_links":{"self":[{"href":"https:\/\/vicerrectorias.utp.edu.co\/responsabilidad-social\/wp-json\/wp\/v2\/posts\/4831","targetHints":{"allow":["GET"]}}],"collection":[{"href":"https:\/\/vicerrectorias.utp.edu.co\/responsabilidad-social\/wp-json\/wp\/v2\/posts"}],"about":[{"href":"https:\/\/vicerrectorias.utp.edu.co\/responsabilidad-social\/wp-json\/wp\/v2\/types\/post"}],"replies":[{"embeddable":true,"href":"https:\/\/vicerrectorias.utp.edu.co\/responsabilidad-social\/wp-json\/wp\/v2\/comments?post=4831"}],"version-history":[{"count":2,"href":"https:\/\/vicerrectorias.utp.edu.co\/responsabilidad-social\/wp-json\/wp\/v2\/posts\/4831\/revisions"}],"predecessor-version":[{"id":61195,"href":"https:\/\/vicerrectorias.utp.edu.co\/responsabilidad-social\/wp-json\/wp\/v2\/posts\/4831\/revisions\/61195"}],"wp:featuredmedia":[{"embeddable":true,"href":"https:\/\/vicerrectorias.utp.edu.co\/responsabilidad-social\/wp-json\/wp\/v2\/media\/60329"}],"wp:attachment":[{"href":"https:\/\/vicerrectorias.utp.edu.co\/responsabilidad-social\/wp-json\/wp\/v2\/media?parent=4831"}],"wp:term":[{"taxonomy":"category","embeddable":true,"href":"https:\/\/vicerrectorias.utp.edu.co\/responsabilidad-social\/wp-json\/wp\/v2\/categories?post=4831"},{"taxonomy":"post_tag","embeddable":true,"href":"https:\/\/vicerrectorias.utp.edu.co\/responsabilidad-social\/wp-json\/wp\/v2\/tags?post=4831"}],"curies":[{"name":"wp","href":"https:\/\/api.w.org\/{rel}","templated":true}]}}