{"id":4811,"date":"2018-06-01T10:48:45","date_gmt":"2018-06-01T08:48:45","guid":{"rendered":""},"modified":"2024-08-15T15:52:43","modified_gmt":"2024-08-15T13:52:43","slug":"convocatoria-semillero-musical-tuna-utp","status":"publish","type":"post","link":"https:\/\/vicerrectorias.utp.edu.co\/responsabilidad-social\/convocatoria-semillero-musical-tuna-utp\/","title":{"rendered":"Convocatoria Semillero Musical Tuna UTP"},"content":{"rendered":"\n<p><span class=\"post-content__span\"> <span>Invita: Vicerrector\u00eda de Responsabilidad Social y Bienestar Universitario &#8211; Formaci\u00f3n Integral &#8211; Oficina de Cultura y Divulgaci\u00f3n.\u2028<\/span><\/p>\n\n\n\n<p><span class=\"post-content__span\"> Te gustar\u00eda participar en un proceso cultural en la UTP?<\/p>\n\n\n\n<p><span class=\"post-content__span\"> Quieres pertenecer a un grupo cultural representativo de la UTP?<\/p>\n\n\n\n<p><span class=\"post-content__span\"> Ejecutas alg\u00fan instrumento de cuerda?<\/p>\n\n\n\n<p><span class=\"post-content__span\"> Lo invitamos a hacer parte de nuestra TUNA UTP.<\/p>\n\n\n\n<p><span class=\"post-content__span\"> Informes : Oficina de Cultura y Tel 3137283&nbsp;<strong><em>anfeherrera@utp.edu.co, laos@utp.edu.co, alvarojm@utp.edu.co&nbsp;<\/em><\/strong>Andr\u00e9s Felipe Herrera Cel. 318732765 Oficina de Cultura y Divulgaci\u00f3n Tel. 3137283<\/p>\n\n\n\n<p><span class=\"post-content__span\"> <strong><em>INSCRIPCION GRATUITA<\/em><\/strong><\/p>\n\n\n\n<figure class=\"wp-block-image\"><img decoding=\"async\" src=\"https:\/\/vicerrectorias.utp.edu.co\/responsabilidad-social\/wp-content\/uploads\/sites\/12\/Tunav1.jpg\" alt=\"\"\/><\/figure>\n","protected":false},"excerpt":{"rendered":"<p>Invita: Vicerrector\u00eda de Responsabilidad Social y Bienestar Universitario &#8211; Formaci\u00f3n Integral &#8211; Oficina de Cultura y Divulgaci\u00f3n.\u2028 Te gustar\u00eda participar [&hellip;]<\/p>\n","protected":false},"author":0,"featured_media":60327,"comment_status":"closed","ping_status":"closed","sticky":false,"template":"","format":"standard","meta":{"footnotes":""},"categories":[3],"tags":[],"class_list":["post-4811","post","type-post","status-publish","format-standard","has-post-thumbnail","hentry","category-noticias"],"_links":{"self":[{"href":"https:\/\/vicerrectorias.utp.edu.co\/responsabilidad-social\/wp-json\/wp\/v2\/posts\/4811","targetHints":{"allow":["GET"]}}],"collection":[{"href":"https:\/\/vicerrectorias.utp.edu.co\/responsabilidad-social\/wp-json\/wp\/v2\/posts"}],"about":[{"href":"https:\/\/vicerrectorias.utp.edu.co\/responsabilidad-social\/wp-json\/wp\/v2\/types\/post"}],"replies":[{"embeddable":true,"href":"https:\/\/vicerrectorias.utp.edu.co\/responsabilidad-social\/wp-json\/wp\/v2\/comments?post=4811"}],"version-history":[{"count":1,"href":"https:\/\/vicerrectorias.utp.edu.co\/responsabilidad-social\/wp-json\/wp\/v2\/posts\/4811\/revisions"}],"predecessor-version":[{"id":9143,"href":"https:\/\/vicerrectorias.utp.edu.co\/responsabilidad-social\/wp-json\/wp\/v2\/posts\/4811\/revisions\/9143"}],"wp:featuredmedia":[{"embeddable":true,"href":"https:\/\/vicerrectorias.utp.edu.co\/responsabilidad-social\/wp-json\/wp\/v2\/media\/60327"}],"wp:attachment":[{"href":"https:\/\/vicerrectorias.utp.edu.co\/responsabilidad-social\/wp-json\/wp\/v2\/media?parent=4811"}],"wp:term":[{"taxonomy":"category","embeddable":true,"href":"https:\/\/vicerrectorias.utp.edu.co\/responsabilidad-social\/wp-json\/wp\/v2\/categories?post=4811"},{"taxonomy":"post_tag","embeddable":true,"href":"https:\/\/vicerrectorias.utp.edu.co\/responsabilidad-social\/wp-json\/wp\/v2\/tags?post=4811"}],"curies":[{"name":"wp","href":"https:\/\/api.w.org\/{rel}","templated":true}]}}