{"id":4741,"date":"2018-05-15T10:10:30","date_gmt":"2018-05-15T08:10:30","guid":{"rendered":""},"modified":"2024-08-15T15:52:43","modified_gmt":"2024-08-15T13:52:43","slug":"apoyos-socioeconomicos-2018-2","status":"publish","type":"post","link":"https:\/\/vicerrectorias.utp.edu.co\/responsabilidad-social\/apoyos-socioeconomicos-2018-2\/","title":{"rendered":"Apoyos Socioeconomicos 2018-2"},"content":{"rendered":"\n<p><span class=\"post-content__span\"> <strong>FECHAS APOYOS:<\/strong><\/p>\n\n\n\n<p><span class=\"post-content__span\"> \nRESULTADOS DE RELIQUIDACI\u00d3N DE MATRICULA (SOLICITUDES 2017-2): 31 DE MAYO DE 2018<\/p>\n\n\n\n<p><span class=\"post-content__span\"> SOLICITUD DE APOYOS 2018-2: DEL 15 DE MAYO AL 31 DE MAYO DE 2018<\/p>\n\n\n\n<p><span class=\"post-content__span\"> <span>RESULTADOS DE BONO DE MATRICULA: 29 DE JUNIO A PARTIR DE LAS 4:00 PM.<\/span><\/p>\n\n\n\n<p><span class=\"post-content__span\"> PUBLICACI\u00d3N DE RESULTADOS DE MONITORIA SOCIAL, BONO DE ALIMENTACI\u00d3N Y BONO DE TRANSPORTE ANTIGUOS: 3 DE AGOSTO DE 2018 DESPUES DE LAS 4:00 PM.<\/p>\n\n\n\n<p><span class=\"post-content__span\"> SOLICITUDES DE ESTUDIANTES NUEVOS: DEL 16 DE JULIO AL 3 DE AGOSTO DE 2018<\/p>\n\n\n\n<p><span class=\"post-content__span\"> PUBLICACI\u00d3N DE RESULTADOS ESTUDIANTES NUEVOS: 27 DE AGOSTO DE 2018<\/p>\n\n\n\n<p><span class=\"post-content__span\"> <strong>DOCUMENTOS SOLICITADOS:<\/strong><\/p>\n\n\n\n<p><span class=\"post-content__span\"> <strong>DOCUMENTOS REQUERIDOS DE ACUERDO AL APOYO SOCIOECONOMICO QUE SE SOLICITA:<\/strong><\/p>\n\n\n\n<p><span class=\"post-content__span\"> <strong>BONO DE ALIMENTACION Y\/O BONO DE TRANSPORTE <\/strong><\/p>\n\n\n\n<ul class=\"wp-block-list\"><li>Carta de solicitud explicando la situaci\u00f3n econ\u00f3mica &#8211; (OBLIGATORIA)<\/li><li>Factura de servicios p\u00fablicos actualizada donde vive el estudiante y en caso de los estudiantes procedentes de otros municipios la factura del lugar de residencia del proveedor econ\u00f3mico.<\/li><li>Certificado que lo acredite como poblaci\u00f3n especial, solo si es su caso. (desplazado, ind\u00edgena, minor\u00eda \u00e9tnica, condici\u00f3n de discapacidad, entre otras).<\/li><li>Cualquier documento que evidencia la situaci\u00f3n presentada.<\/li><\/ul>\n\n\n\n<p><span class=\"post-content__span\"> <strong>MONITORIA SOCIAL<\/strong><\/p>\n\n\n\n<ul class=\"wp-block-list\"><li>Carta de solicitud explicando la situaci\u00f3n econ\u00f3mica &#8211; (OBLIGATORIA)<\/li><li>Factura de servicios p\u00fablicos actualizada donde vive el estudiante y en caso de los estudiantes procedentes de otros municipios debe adicionar la factura del lugar de residencia del proveedor econ\u00f3mico.<\/li><li>Certificado que lo acredite como poblaci\u00f3n especial, solo si es su caso. (desplazado, ind\u00edgena, minor\u00eda \u00e9tnica, condici\u00f3n de discapacidad, entre otras).<\/li><li>Cualquier documento que evidencia la situaci\u00f3n presentada.<\/li><li>RUT actualizado \u2013 (OBLIGATORIO)<\/li><\/ul>\n\n\n\n<p><span class=\"post-content__span\"> <strong>RELIQUIDACI\u00d3N DE MATRICULA O BONO DE MATR\u00cdCULA<\/strong><\/p>\n\n\n\n<ul class=\"wp-block-list\"><li>Carta de solicitud explicando la situaci\u00f3n econ\u00f3mica (OBLIGATORIA)<\/li><li>Factura de servicios p\u00fablicos actualizada donde vive el estudiante y en caso de los estudiantes procedentes de otros municipios debe adicionar la factura del lugar de residencia del proveedor econ\u00f3mico.<\/li><li>Certificado de ingresos y retenciones del proveedor econ\u00f3mico a\u00f1o 2017 (aplica si trabaja en empresa).<\/li><li>Certificado de no Declarante a\u00f1o 2017 establecido por la DIAN (aplica para independientes)<\/li><li>Certificado de Catastro de los padres y estudiante (Instituto Agust\u00edn Codazzi)<\/li><li>Certificado que lo acredite como poblaci\u00f3n especial, solo si es su caso (desplazado, ind\u00edgena, minor\u00eda \u00e9tnica, condici\u00f3n de discapacidad, entre otras)<\/li><li>Documentos adicionales que soporten la situaci\u00f3n econ\u00f3mica<\/li><li>Certificado de pensi\u00f3n colegio (\u00faltimo a\u00f1o), si es egresado de colegio privado<\/li><li>Los dem\u00e1s que se requiera de acuerdo a la situaci\u00f3n espec\u00edfica del estudiante.<\/li><\/ul>\n\n\n\n<figure class=\"wp-block-image\"><img decoding=\"async\" src=\"https:\/\/vicerrectorias.utp.edu.co\/responsabilidad-social\/wp-content\/uploads\/sites\/12\/1Manual%20Solicitud%20Apoyos%20Socioeconomicos%20Estudiantes%20Antiguos%202018-2-1%281%29.jpg\" alt=\"\"\/><\/figure>\n\n\n\n<figure class=\"wp-block-image\"><img decoding=\"async\" src=\"https:\/\/vicerrectorias.utp.edu.co\/responsabilidad-social\/wp-content\/uploads\/sites\/12\/2Manual%20Solicitud%20Apoyos%20Socioeconomicos%20Estudiantes%20Antiguos%202018-2-2%282%29.jpg\" alt=\"\"\/><\/figure>\n\n\n\n<figure class=\"wp-block-image\"><img decoding=\"async\" src=\"https:\/\/vicerrectorias.utp.edu.co\/responsabilidad-social\/wp-content\/uploads\/sites\/12\/3Manual%20Solicitud%20Apoyos%20Socioeconomicos%20Estudiantes%20Antiguos%202018-2-3%281%29.jpg\" alt=\"\"\/><\/figure>\n\n\n\n<figure class=\"wp-block-image\"><img decoding=\"async\" src=\"https:\/\/vicerrectorias.utp.edu.co\/responsabilidad-social\/wp-content\/uploads\/sites\/12\/4Manual%20Solicitud%20Apoyos%20Socioeconomicos%20Estudiantes%20Antiguos%202018-2-4%281%29.jpg\" alt=\"\"\/><\/figure>\n\n\n\n<figure class=\"wp-block-image\"><img decoding=\"async\" src=\"https:\/\/vicerrectorias.utp.edu.co\/responsabilidad-social\/wp-content\/uploads\/sites\/12\/5Manual%20Solicitud%20Apoyos%20Socioeconomicos%20Estudiantes%20Antiguos%202018-2-5%281%29.jpg\" alt=\"\"\/><\/figure>\n\n\n\n<figure class=\"wp-block-image\"><img decoding=\"async\" src=\"https:\/\/vicerrectorias.utp.edu.co\/responsabilidad-social\/wp-content\/uploads\/sites\/12\/6Manual%20Solicitud%20Apoyos%20Socioeconomicos%20Estudiantes%20Antiguos%202018-2-6%281%29.jpg\" alt=\"\"\/><\/figure>\n\n\n\n<figure class=\"wp-block-image\"><img decoding=\"async\" src=\"https:\/\/vicerrectorias.utp.edu.co\/responsabilidad-social\/wp-content\/uploads\/sites\/12\/7Manual%20Solicitud%20Apoyos%20Socioeconomicos%20Estudiantes%20Antiguos%202018-2-7%281%29.jpg\" alt=\"\"\/><\/figure>\n\n\n\n<figure class=\"wp-block-image\"><img decoding=\"async\" src=\"https:\/\/vicerrectorias.utp.edu.co\/responsabilidad-social\/wp-content\/uploads\/sites\/12\/8Manual%20Solicitud%20Apoyos%20Socioeconomicos%20Estudiantes%20Antiguos%202018-2-8%281%29.jpg\" alt=\"\"\/><\/figure>\n\n\n\n<figure class=\"wp-block-image\"><img decoding=\"async\" src=\"https:\/\/vicerrectorias.utp.edu.co\/responsabilidad-social\/wp-content\/uploads\/sites\/12\/9Manual%20Solicitud%20Apoyos%20Socioeconomicos%20Estudiantes%20Antiguos%202018-2-9%281%29.jpg\" alt=\"\"\/><\/figure>\n","protected":false},"excerpt":{"rendered":"<p>FECHAS APOYOS: RESULTADOS DE RELIQUIDACI\u00d3N DE MATRICULA (SOLICITUDES 2017-2): 31 DE MAYO DE 2018 SOLICITUD DE APOYOS 2018-2: DEL 15 [&hellip;]<\/p>\n","protected":false},"author":0,"featured_media":60319,"comment_status":"closed","ping_status":"closed","sticky":false,"template":"","format":"standard","meta":{"footnotes":""},"categories":[3],"tags":[],"class_list":["post-4741","post","type-post","status-publish","format-standard","has-post-thumbnail","hentry","category-noticias"],"_links":{"self":[{"href":"https:\/\/vicerrectorias.utp.edu.co\/responsabilidad-social\/wp-json\/wp\/v2\/posts\/4741","targetHints":{"allow":["GET"]}}],"collection":[{"href":"https:\/\/vicerrectorias.utp.edu.co\/responsabilidad-social\/wp-json\/wp\/v2\/posts"}],"about":[{"href":"https:\/\/vicerrectorias.utp.edu.co\/responsabilidad-social\/wp-json\/wp\/v2\/types\/post"}],"replies":[{"embeddable":true,"href":"https:\/\/vicerrectorias.utp.edu.co\/responsabilidad-social\/wp-json\/wp\/v2\/comments?post=4741"}],"version-history":[{"count":1,"href":"https:\/\/vicerrectorias.utp.edu.co\/responsabilidad-social\/wp-json\/wp\/v2\/posts\/4741\/revisions"}],"predecessor-version":[{"id":9150,"href":"https:\/\/vicerrectorias.utp.edu.co\/responsabilidad-social\/wp-json\/wp\/v2\/posts\/4741\/revisions\/9150"}],"wp:featuredmedia":[{"embeddable":true,"href":"https:\/\/vicerrectorias.utp.edu.co\/responsabilidad-social\/wp-json\/wp\/v2\/media\/60319"}],"wp:attachment":[{"href":"https:\/\/vicerrectorias.utp.edu.co\/responsabilidad-social\/wp-json\/wp\/v2\/media?parent=4741"}],"wp:term":[{"taxonomy":"category","embeddable":true,"href":"https:\/\/vicerrectorias.utp.edu.co\/responsabilidad-social\/wp-json\/wp\/v2\/categories?post=4741"},{"taxonomy":"post_tag","embeddable":true,"href":"https:\/\/vicerrectorias.utp.edu.co\/responsabilidad-social\/wp-json\/wp\/v2\/tags?post=4741"}],"curies":[{"name":"wp","href":"https:\/\/api.w.org\/{rel}","templated":true}]}}