{"id":4701,"date":"2018-05-07T09:20:18","date_gmt":"2018-05-07T07:20:18","guid":{"rendered":""},"modified":"2024-08-15T11:26:44","modified_gmt":"2024-08-15T09:26:44","slug":"reconocimiento-a-la-labor-administrativa-2018","status":"publish","type":"post","link":"https:\/\/vicerrectorias.utp.edu.co\/responsabilidad-social\/reconocimiento-a-la-labor-administrativa-2018\/","title":{"rendered":"\u00abRECONOCIMIENTO A LA LABOR ADMINISTRATIVA 2018\u00bb"},"content":{"rendered":"\n<p><span class=\"post-content__span\"> El d\u00eda martes 8 de mayo del presente a\u00f1o, el Se\u00f1or Rector de la Universidad Tecnol\u00f3gica de Pereira, doctor Luis Fernando Gaviria Trujillo hace&nbsp;<strong>\u00abRECONOCIMIENTO A LA LABOR ADMINISTRATIVA 2018\u00bb<\/strong>, personal de planta,&nbsp;transitorios administrativos, transitorios ocasionales de proyectos, trabajadores oficiales,&nbsp;contratistas por orden de servicio.<\/p>\n\n\n<div class=\"wp-block-image\">\n<figure class=\"aligncenter size-full\"><img loading=\"lazy\" decoding=\"async\" width=\"1642\" height=\"1580\" src=\"https:\/\/vicerrectorias.utp.edu.co\/responsabilidad-social\/wp-content\/uploads\/sites\/12\/INVITACION-ADMINISTRATIVOS.jpg\" alt=\"\" class=\"wp-image-60698\"\/><\/figure>\n<\/div>\n\n<div class=\"wp-block-image\">\n<figure class=\"aligncenter size-full\"><img loading=\"lazy\" decoding=\"async\" width=\"2562\" height=\"3516\" src=\"https:\/\/vicerrectorias.utp.edu.co\/responsabilidad-social\/wp-content\/uploads\/sites\/12\/Resolucion-3719-del-30-de-abril-de-2018.jpg\" alt=\"\" class=\"wp-image-60700\"\/><\/figure>\n<\/div>","protected":false},"excerpt":{"rendered":"<p>El d\u00eda martes 8 de mayo del presente a\u00f1o, el Se\u00f1or Rector de la Universidad Tecnol\u00f3gica de Pereira, doctor Luis [&hellip;]<\/p>\n","protected":false},"author":0,"featured_media":60315,"comment_status":"closed","ping_status":"closed","sticky":false,"template":"","format":"standard","meta":{"footnotes":""},"categories":[3],"tags":[],"class_list":["post-4701","post","type-post","status-publish","format-standard","has-post-thumbnail","hentry","category-noticias"],"_links":{"self":[{"href":"https:\/\/vicerrectorias.utp.edu.co\/responsabilidad-social\/wp-json\/wp\/v2\/posts\/4701","targetHints":{"allow":["GET"]}}],"collection":[{"href":"https:\/\/vicerrectorias.utp.edu.co\/responsabilidad-social\/wp-json\/wp\/v2\/posts"}],"about":[{"href":"https:\/\/vicerrectorias.utp.edu.co\/responsabilidad-social\/wp-json\/wp\/v2\/types\/post"}],"replies":[{"embeddable":true,"href":"https:\/\/vicerrectorias.utp.edu.co\/responsabilidad-social\/wp-json\/wp\/v2\/comments?post=4701"}],"version-history":[{"count":3,"href":"https:\/\/vicerrectorias.utp.edu.co\/responsabilidad-social\/wp-json\/wp\/v2\/posts\/4701\/revisions"}],"predecessor-version":[{"id":9154,"href":"https:\/\/vicerrectorias.utp.edu.co\/responsabilidad-social\/wp-json\/wp\/v2\/posts\/4701\/revisions\/9154"}],"wp:featuredmedia":[{"embeddable":true,"href":"https:\/\/vicerrectorias.utp.edu.co\/responsabilidad-social\/wp-json\/wp\/v2\/media\/60315"}],"wp:attachment":[{"href":"https:\/\/vicerrectorias.utp.edu.co\/responsabilidad-social\/wp-json\/wp\/v2\/media?parent=4701"}],"wp:term":[{"taxonomy":"category","embeddable":true,"href":"https:\/\/vicerrectorias.utp.edu.co\/responsabilidad-social\/wp-json\/wp\/v2\/categories?post=4701"},{"taxonomy":"post_tag","embeddable":true,"href":"https:\/\/vicerrectorias.utp.edu.co\/responsabilidad-social\/wp-json\/wp\/v2\/tags?post=4701"}],"curies":[{"name":"wp","href":"https:\/\/api.w.org\/{rel}","templated":true}]}}