{"id":4691,"date":"2018-05-02T11:05:07","date_gmt":"2018-05-02T09:05:07","guid":{"rendered":""},"modified":"2024-08-20T08:38:25","modified_gmt":"2024-08-20T06:38:25","slug":"hoy-cierre-inscripciones-convocatoria-elecciones","status":"publish","type":"post","link":"https:\/\/vicerrectorias.utp.edu.co\/responsabilidad-social\/hoy-cierre-inscripciones-convocatoria-elecciones\/","title":{"rendered":"Hoy Cierre Inscripciones Convocatoria Elecciones"},"content":{"rendered":"\n<p><span class=\"post-content__span\"> Hoy Cierre Inscripciones Convocatoria Elecciones Comit\u00e9s y un Representante de los Directores de Departamento y Programa al Consejo Acad\u00e9mico<\/p>\n\n\n\n<p><span class=\"post-content__span\"> <img decoding=\"async\" alt=\"Convocatoria Elecciones Comit\u00e9s y un Representante de los Directores de Departamento y Programa al Consejo Acad\u00e9mico\" src=\"https:\/\/comunicaciones.utp.edu.co\/wp-content\/uploads\/sites\/2\/logo-secretaria-general-294-x-176.jpg\">La Secretaria General informa que hasta hoy mi\u00e9rcoles 02 de mayo a las 18:00 horas estar\u00e1n abiertas Las inscripciones de candidatos para las elecciones de Comit\u00e9s convocadas mediante Resoluci\u00f3n No. 3671 del 17 de abril de 2018, as\u00ed<\/p>\n\n\n\n<p><span class=\"post-content__span\"> <strong>1. Consejo Acad\u00e9mico:<\/strong>&nbsp;<\/p>\n\n\n\n<p><span class=\"post-content__span\"> -Un Representante de los Directores de Departamento y Programa.&nbsp;<\/p>\n\n\n\n<p><span class=\"post-content__span\"> <strong>2. Comit\u00e9 Electoral:<\/strong>&nbsp;<\/p>\n\n\n\n<p><span class=\"post-content__span\"> -Dos Representantes de los profesores.<br>-Dos Representantes de los Estudiantes.<br>-Un Representante de los Empleados Administrativos.<br>-Un Representante de las Directivas Acad\u00e9micas.<\/p>\n\n\n\n<p><span class=\"post-content__span\"> <strong>3. Comit\u00e9 de Bienestar Universitario:<\/strong>&nbsp;<\/p>\n\n\n\n<p><span class=\"post-content__span\"> -Un Representante de los Docentes.<br>-Un Representante de los Trabajadores Oficiales.<br>-Un Representante de los Empleados Administrativos.<\/p>\n\n\n\n<p><span class=\"post-content__span\"> <strong>4. Comisi\u00f3n de Personal:<\/strong>&nbsp;<\/p>\n\n\n\n<p><span class=\"post-content__span\"> -Un Representante de los Empleados de Carrera Administrativa.<\/p>\n\n\n\n<p><span class=\"post-content__span\"> <strong>5. Comit\u00e9 Paritario de Salud Ocupacional:<\/strong>&nbsp;(Comit\u00e9 Paritario de Seguridad y Salud en el Trabajo. COPASST&nbsp;<\/p>\n\n\n\n<p><span class=\"post-content__span\"> -Cuatro representantes del total de empleados de la Universidad.<\/p>\n\n\n\n<p><span class=\"post-content__span\"> <strong>6. Comit\u00e9 Central de Investigaciones:<\/strong>&nbsp;<\/p>\n\n\n\n<p><span class=\"post-content__span\"> -Cuatro docentes con experiencia investigativa y con formaci\u00f3n m\u00ednima de maestr\u00eda y un producto resultado de investigaci\u00f3n de nuevo conocimiento verificable en los \u00faltimos tres (3) a\u00f1os. Ser\u00e1n elegidos por el conjunto de docentes de planta o transitorios de tiempo completo o medio tiempo que sean de categor\u00eda auxiliar y que tengan m\u00ednimo un a\u00f1o de experiencia con la Universidad, pertenecientes a grupos de investigaci\u00f3n inscritos en la Vicerrector\u00eda de Investigaciones, Innovaci\u00f3n y Extensi\u00f3n.<\/p>\n\n\n\n<p><span class=\"post-content__span\"> <strong>7. Comit\u00e9 Central de Extensi\u00f3n Universitaria:<\/strong><\/p>\n\n\n\n<p><span class=\"post-content__span\"> &#8211; Un representante de las dependencias que desarrollan extensi\u00f3n y que no pertenecen a ninguna Facultad. (Planeaci\u00f3n, Gesti\u00f3n Ambiental, CRIE, Univirtual, Ilex y Jard\u00edn Bot\u00e1nico)<br>&#8211; Un representante por el \u00e1rea de Ingenier\u00edas y Tecnolog\u00edas.<br>&#8211; Un representante por el \u00e1rea de Ciencias B\u00e1sicas.<br>&#8211; Un representante por el \u00e1rea de Ciencias Sociales y Humanas.<br>&#8211; Un representante por el \u00e1rea de Ciencias de la Salud y Medio Ambiente.<\/p>\n\n\n\n<p><span class=\"post-content__span\"> <strong>8. Comit\u00e9 Interno de Asignaci\u00f3n y Reconocimiento de Puntaje:<\/strong>&nbsp;<\/p>\n\n\n\n<p><span class=\"post-content__span\"> -Dos Representantes de los Profesores que est\u00e9n vinculados a la carrera docente.&nbsp;<\/p>\n\n\n\n<p><span class=\"post-content__span\"> <strong>9. Comit\u00e9 de Capacitaci\u00f3n Administrativa:<\/strong>&nbsp;<\/p>\n\n\n\n<p><span class=\"post-content__span\"> -Un Representante de los Empleados Administrativos y Trabajadores Oficiales.<\/p>\n\n\n\n<p><span class=\"post-content__span\"> <strong>Las inscripciones de candidatos estar\u00e1n abiertas hasta el mi\u00e9rcoles 02 de mayo<\/strong><\/p>\n\n\n\n<p><span class=\"post-content__span\"> <a href=\"https:\/\/www.utp.edu.co\/cms-utp\/data\/bin\/UTP\/web\/uploads\/media\/comunicaciones\/documentos\/Resolucion-No-3671-Convoca-Elecciones-Comites.pdf\">ver resoluci\u00f3n N\u00b0 3671<\/a><\/p>\n","protected":false},"excerpt":{"rendered":"<p>Hoy Cierre Inscripciones Convocatoria Elecciones Comit\u00e9s y un Representante de los Directores de Departamento y Programa al Consejo Acad\u00e9mico La [&hellip;]<\/p>\n","protected":false},"author":0,"featured_media":60314,"comment_status":"closed","ping_status":"closed","sticky":false,"template":"","format":"standard","meta":{"footnotes":""},"categories":[3],"tags":[],"class_list":["post-4691","post","type-post","status-publish","format-standard","has-post-thumbnail","hentry","category-noticias"],"_links":{"self":[{"href":"https:\/\/vicerrectorias.utp.edu.co\/responsabilidad-social\/wp-json\/wp\/v2\/posts\/4691","targetHints":{"allow":["GET"]}}],"collection":[{"href":"https:\/\/vicerrectorias.utp.edu.co\/responsabilidad-social\/wp-json\/wp\/v2\/posts"}],"about":[{"href":"https:\/\/vicerrectorias.utp.edu.co\/responsabilidad-social\/wp-json\/wp\/v2\/types\/post"}],"replies":[{"embeddable":true,"href":"https:\/\/vicerrectorias.utp.edu.co\/responsabilidad-social\/wp-json\/wp\/v2\/comments?post=4691"}],"version-history":[{"count":2,"href":"https:\/\/vicerrectorias.utp.edu.co\/responsabilidad-social\/wp-json\/wp\/v2\/posts\/4691\/revisions"}],"predecessor-version":[{"id":61107,"href":"https:\/\/vicerrectorias.utp.edu.co\/responsabilidad-social\/wp-json\/wp\/v2\/posts\/4691\/revisions\/61107"}],"wp:featuredmedia":[{"embeddable":true,"href":"https:\/\/vicerrectorias.utp.edu.co\/responsabilidad-social\/wp-json\/wp\/v2\/media\/60314"}],"wp:attachment":[{"href":"https:\/\/vicerrectorias.utp.edu.co\/responsabilidad-social\/wp-json\/wp\/v2\/media?parent=4691"}],"wp:term":[{"taxonomy":"category","embeddable":true,"href":"https:\/\/vicerrectorias.utp.edu.co\/responsabilidad-social\/wp-json\/wp\/v2\/categories?post=4691"},{"taxonomy":"post_tag","embeddable":true,"href":"https:\/\/vicerrectorias.utp.edu.co\/responsabilidad-social\/wp-json\/wp\/v2\/tags?post=4691"}],"curies":[{"name":"wp","href":"https:\/\/api.w.org\/{rel}","templated":true}]}}