{"id":4611,"date":"2018-04-18T10:56:29","date_gmt":"2018-04-18T08:56:29","guid":{"rendered":""},"modified":"2024-08-20T10:51:33","modified_gmt":"2024-08-20T08:51:33","slug":"participa-en-la-eleccion-de-decanos-2018","status":"publish","type":"post","link":"https:\/\/vicerrectorias.utp.edu.co\/responsabilidad-social\/participa-en-la-eleccion-de-decanos-2018\/","title":{"rendered":"Participa en la elecci\u00f3n de Decanos 2018"},"content":{"rendered":"\n<p><span class=\"post-content__span\"> Participa en la elecci\u00f3n de Decanos<\/p>\n\n\n\n<p><span class=\"post-content__span\"> <img decoding=\"async\" alt=\"Propuestas Candidatos a las Decanaturas elecciones del 19 de abril de 2018\" src=\"https:\/\/comunicaciones.utp.edu.co\/wp-content\/uploads\/sites\/2\/logo-secretaria-general-294-x-176.jpg\">El pr\u00f3ximo&nbsp;&nbsp;jueves 19 de abril se llevar\u00e1 a cabo&nbsp;la Elecci\u00f3n de Decanos de las Facultades de Bellas Artes y Humanidades, Ciencias Ambientales, Ingenier\u00eda Industrial, Tecnolog\u00eda e Ingenier\u00eda Mec\u00e1nica,&nbsp; a trav\u00e9s del Software de votaci\u00f3n de la Universidad en el horario de 8:00 a.m. a 10:00 p.m.&nbsp;<\/p>\n\n\n\n<p><span class=\"post-content__span\"> Se comparten los enlaces de los videos tutoriales para el proceso de votaci\u00f3n correspondiente a cada Estamento:<\/p>\n\n\n\n<p><span class=\"post-content__span\"> Docentes:<br><a href=\"https:\/\/app4.utp.edu.co\/manuales\/Tutvotacionesenlinea_Docentes\/\" target=\"_blank\" rel=\"noreferrer noopener\">https:\/\/app4.utp.edu.co\/manuales\/Tutvotacionesenlinea_Docentes\/<\/a><\/p>\n\n\n\n<p><span class=\"post-content__span\"> Estudiantes:<br><a rel=\"noreferrer noopener\" href=\"https:\/\/app4.utp.edu.co\/manuales\/Tutvotacionesenlinea_Estudiantes\/\" target=\"_blank\">https:\/\/app4.utp.edu.co\/manuales\/Tutvotacionesenlinea_Estudiantes\/<\/a><\/p>\n\n\n\n<p><span class=\"post-content__span\"> Egresados:<br><a rel=\"noreferrer noopener\" href=\"https:\/\/app4.utp.edu.co\/manuales\/Tutvotacionesenlinea_egresados\/\" target=\"_blank\">https:\/\/app4.utp.edu.co\/manuales\/Tutvotacionesenlinea_egresados\/<\/a><\/p>\n\n\n\n<p><span class=\"post-content__span\"> Ver las siguientes circulares:<\/p>\n\n\n\n<p><span class=\"post-content__span\"> <a href=\"https:\/\/www.utp.edu.co\/cms-utp\/data\/bin\/UTP\/web\/uploads\/media\/comunicaciones\/documentos\/Circular-sobre-participacion-docente-en-Elecciones.pdf\">Circular del Comit\u00e9 Electoral con fecha del 05 de abril de 2018, sobre participaci\u00f3n de comunidad Docente en el proceso de votaci\u00f3n.<\/a><\/p>\n\n\n\n<p><span class=\"post-content__span\"> <a href=\"https:\/\/www.utp.edu.co\/cms-utp\/data\/bin\/UTP\/web\/uploads\/media\/comunicaciones\/documentos\/Circular-votacion-Egresados.pdf\">Circular del Comit\u00e9 Electoral con fecha del 10 de abril de 2018, sobre voto electr\u00f3nico de los Egresados.<\/a><\/p>\n\n\n\n<p><span class=\"post-content__span\"> <strong><em>1) DECANO FACULTAD DE CIENCIAS AMBIENTALES<\/em><\/strong><\/p>\n\n\n\n<p><span class=\"post-content__span\"> <strong><em>CANDIDATO INSCRITO<\/em><\/strong><\/p>\n\n\n\n<p><span class=\"post-content__span\"> <a href=\"https:\/\/www.utp.edu.co\/cms-utp\/data\/bin\/UTP\/web\/uploads\/media\/comunicaciones\/documentos\/LUIS-GONZAGA-GUTIERREZ-LOPEZ-FACULTAD-CIENCIAS-AMBIENTALES-.pdf\"><strong><em>LUIS GONZAGA GUTI\u00c9RREZ LOPEZ<\/em><\/strong><\/a><\/p>\n\n\n\n<figure class=\"wp-block-image\"><img decoding=\"async\" src=\"https:\/\/comunicaciones.utp.edu.co\/wp-content\/uploads\/sites\/2\/Gonzaga.jpg\" alt=\"\"\/><\/figure>\n\n\n\n<p><span class=\"post-content__span\"> <strong><em>2) DECANO FACULTAD DE BELLAS ARTES Y HUMANIDADES<\/em><\/strong><\/p>\n\n\n\n<p><span class=\"post-content__span\"> <strong><em>CANDIDATO INSCRITO<\/em><\/strong><\/p>\n\n\n\n<p><span class=\"post-content__span\"> <a href=\"https:\/\/www.utp.edu.co\/cms-utp\/data\/bin\/UTP\/web\/uploads\/media\/comunicaciones\/documentos\/ENRIQUE-ARIAS-CASTAnO-FACULTAD-DE-BELLAS-ARTES-Y-HUMANIDADES-.pdf\"><strong><em>ENRIQUE ARIAS CASTA\u00d1O<\/em><\/strong><\/a><\/p>\n\n\n\n<figure class=\"wp-block-image\"><img decoding=\"async\" src=\"https:\/\/comunicaciones.utp.edu.co\/wp-content\/uploads\/sites\/2\/Enrique.jpg\" alt=\"\"\/><\/figure>\n\n\n\n<p><span class=\"post-content__span\"> <strong><em>3) DECANO FACULTAD INGENIER\u00cdA INDUSTRIAL<\/em><\/strong><\/p>\n\n\n\n<p><span class=\"post-content__span\"> <strong><em>CANDIDATO INSCRITO<\/em><\/strong><\/p>\n\n\n\n<p><span class=\"post-content__span\"> <strong><em><a href=\"https:\/\/www.utp.edu.co\/cms-utp\/data\/bin\/UTP\/web\/uploads\/media\/comunicaciones\/documentos\/WILSON-ARENAS-VALENCIA-FACULTAD-DE-INGENIERIA-INDUSTRIAL-.pdf\">WILSON ARENAS VALENCIA<\/a><\/em><\/strong><\/p>\n\n\n\n<figure class=\"wp-block-image\"><img decoding=\"async\" src=\"https:\/\/comunicaciones.utp.edu.co\/wp-content\/uploads\/sites\/2\/Wilson.jpg\" alt=\"\"\/><\/figure>\n\n\n\n<p><span class=\"post-content__span\"> <strong><em>4) DECANO FACULTAD DE TECNOLOG\u00cdA<\/em><\/strong><\/p>\n\n\n\n<p><span class=\"post-content__span\"> <strong><em>CANDIDATOS INSCRITOS<\/em><\/strong><\/p>\n\n\n\n<p><span class=\"post-content__span\"> <a href=\"https:\/\/www.utp.edu.co\/cms-utp\/data\/bin\/UTP\/web\/uploads\/media\/comunicaciones\/documentos\/JOSE-REINALDO-MARIN-B-FACULTAD-DE-TECNOLOGIA-.pdf\"><strong>JOSE REINALDO MARIN BETANCOURTH<\/strong><\/a><\/p>\n\n\n\n<figure class=\"wp-block-image\"><img decoding=\"async\" src=\"https:\/\/comunicaciones.utp.edu.co\/wp-content\/uploads\/sites\/2\/Reinales.jpg\" alt=\"\"\/><\/figure>\n\n\n\n<p><span class=\"post-content__span\"> <strong><a href=\"https:\/\/www.utp.edu.co\/cms-utp\/data\/bin\/UTP\/web\/uploads\/media\/comunicaciones\/documentos\/GIOVANNI-ARTURO-LOPEZ-ISAZA-FACULTAD-DE-TECNOLOGIA-.pdf\">GIOVANNI ARTURO LOPEZ ISAZA<\/a><\/strong><\/p>\n\n\n\n<figure class=\"wp-block-image\"><img decoding=\"async\" src=\"https:\/\/comunicaciones.utp.edu.co\/wp-content\/uploads\/sites\/2\/Giovanni.jpg\" alt=\"\"\/><\/figure>\n\n\n\n<p><span class=\"post-content__span\"> <strong><em>5) DECANO FACULTAD DE INGENIER\u00cdA MEC\u00c1NICA<\/em><\/strong><\/p>\n\n\n\n<p><span class=\"post-content__span\"> <strong><em>CANDIDATO INSCRITO<\/em><\/strong><\/p>\n\n\n\n<p><span class=\"post-content__span\"> <a href=\"https:\/\/www.utp.edu.co\/cms-utp\/data\/bin\/UTP\/web\/uploads\/media\/comunicaciones\/documentos\/JUAN-ESTEBAN-TIBAQUIRA-GIRALDO-INGENIERIA-MECANICA-.pdf\"><strong><em>JUAN ESTEBAN TIBAQUIR\u00c1 GIRALDO<\/em><\/strong><\/a><\/p>\n\n\n\n<figure class=\"wp-block-image\"><img decoding=\"async\" src=\"https:\/\/comunicaciones.utp.edu.co\/wp-content\/uploads\/sites\/2\/Juan.jpg\" alt=\"\"\/><\/figure>\n","protected":false},"excerpt":{"rendered":"<p>Participa en la elecci\u00f3n de Decanos El pr\u00f3ximo&nbsp;&nbsp;jueves 19 de abril se llevar\u00e1 a cabo&nbsp;la Elecci\u00f3n de Decanos de las [&hellip;]<\/p>\n","protected":false},"author":0,"featured_media":60306,"comment_status":"closed","ping_status":"closed","sticky":false,"template":"","format":"standard","meta":{"footnotes":""},"categories":[3],"tags":[],"class_list":["post-4611","post","type-post","status-publish","format-standard","has-post-thumbnail","hentry","category-noticias"],"_links":{"self":[{"href":"https:\/\/vicerrectorias.utp.edu.co\/responsabilidad-social\/wp-json\/wp\/v2\/posts\/4611","targetHints":{"allow":["GET"]}}],"collection":[{"href":"https:\/\/vicerrectorias.utp.edu.co\/responsabilidad-social\/wp-json\/wp\/v2\/posts"}],"about":[{"href":"https:\/\/vicerrectorias.utp.edu.co\/responsabilidad-social\/wp-json\/wp\/v2\/types\/post"}],"replies":[{"embeddable":true,"href":"https:\/\/vicerrectorias.utp.edu.co\/responsabilidad-social\/wp-json\/wp\/v2\/comments?post=4611"}],"version-history":[{"count":2,"href":"https:\/\/vicerrectorias.utp.edu.co\/responsabilidad-social\/wp-json\/wp\/v2\/posts\/4611\/revisions"}],"predecessor-version":[{"id":61221,"href":"https:\/\/vicerrectorias.utp.edu.co\/responsabilidad-social\/wp-json\/wp\/v2\/posts\/4611\/revisions\/61221"}],"wp:featuredmedia":[{"embeddable":true,"href":"https:\/\/vicerrectorias.utp.edu.co\/responsabilidad-social\/wp-json\/wp\/v2\/media\/60306"}],"wp:attachment":[{"href":"https:\/\/vicerrectorias.utp.edu.co\/responsabilidad-social\/wp-json\/wp\/v2\/media?parent=4611"}],"wp:term":[{"taxonomy":"category","embeddable":true,"href":"https:\/\/vicerrectorias.utp.edu.co\/responsabilidad-social\/wp-json\/wp\/v2\/categories?post=4611"},{"taxonomy":"post_tag","embeddable":true,"href":"https:\/\/vicerrectorias.utp.edu.co\/responsabilidad-social\/wp-json\/wp\/v2\/tags?post=4611"}],"curies":[{"name":"wp","href":"https:\/\/api.w.org\/{rel}","templated":true}]}}