{"id":4591,"date":"2018-04-13T11:07:34","date_gmt":"2018-04-13T09:07:34","guid":{"rendered":""},"modified":"2024-08-20T14:55:51","modified_gmt":"2024-08-20T12:55:51","slug":"vicerrectoria-de-responsabilidad-social-informa","status":"publish","type":"post","link":"https:\/\/vicerrectorias.utp.edu.co\/responsabilidad-social\/vicerrectoria-de-responsabilidad-social-informa\/","title":{"rendered":"Vicerrector\u00eda de Responsabilidad Social Informa"},"content":{"rendered":"\n<p><span class=\"post-content__span\"> Vicerrector\u00eda de Responsabilidad Social y Bienestar Universitaria informa<\/p>\n\n\n\n<p><span class=\"post-content__span\"> <img decoding=\"async\" src=\"https:\/\/comunicaciones.utp.edu.co\/wp-content\/uploads\/sites\/2\/Logo-nuevo-Vicerrectoria-de-Responsabilidad-Social-y-Bienestar-Universitario-294-x176.jpg\" alt=\"Vicerrector\u00eda de Responsabilidad Social y Bienestar Universitaria informa \"><\/p>\n\n\n\n<p><span class=\"post-content__span\"> Se informa a la comunidad estudiantil que los d\u00edas 12, 13,14 de\u00a0 abril del 2018, por motivos de habitaci\u00f3n el servicio m\u00e9dico se encontrar\u00e1 realizando reparaciones locativas, se\u00a0 atender\u00e1 urgencias mediante Grupo EMI y Brigada de emergencias. Las valoraciones de gimnasio se suspender\u00e1n hasta el d\u00eda 20 de abril.<\/p>\n","protected":false},"excerpt":{"rendered":"<p>Vicerrector\u00eda de Responsabilidad Social y Bienestar Universitaria informa Se informa a la comunidad estudiantil que los d\u00edas 12, 13,14 de\u00a0 [&hellip;]<\/p>\n","protected":false},"author":0,"featured_media":60304,"comment_status":"closed","ping_status":"closed","sticky":false,"template":"","format":"standard","meta":{"footnotes":""},"categories":[3],"tags":[],"class_list":["post-4591","post","type-post","status-publish","format-standard","has-post-thumbnail","hentry","category-noticias"],"_links":{"self":[{"href":"https:\/\/vicerrectorias.utp.edu.co\/responsabilidad-social\/wp-json\/wp\/v2\/posts\/4591","targetHints":{"allow":["GET"]}}],"collection":[{"href":"https:\/\/vicerrectorias.utp.edu.co\/responsabilidad-social\/wp-json\/wp\/v2\/posts"}],"about":[{"href":"https:\/\/vicerrectorias.utp.edu.co\/responsabilidad-social\/wp-json\/wp\/v2\/types\/post"}],"replies":[{"embeddable":true,"href":"https:\/\/vicerrectorias.utp.edu.co\/responsabilidad-social\/wp-json\/wp\/v2\/comments?post=4591"}],"version-history":[{"count":3,"href":"https:\/\/vicerrectorias.utp.edu.co\/responsabilidad-social\/wp-json\/wp\/v2\/posts\/4591\/revisions"}],"predecessor-version":[{"id":61343,"href":"https:\/\/vicerrectorias.utp.edu.co\/responsabilidad-social\/wp-json\/wp\/v2\/posts\/4591\/revisions\/61343"}],"wp:featuredmedia":[{"embeddable":true,"href":"https:\/\/vicerrectorias.utp.edu.co\/responsabilidad-social\/wp-json\/wp\/v2\/media\/60304"}],"wp:attachment":[{"href":"https:\/\/vicerrectorias.utp.edu.co\/responsabilidad-social\/wp-json\/wp\/v2\/media?parent=4591"}],"wp:term":[{"taxonomy":"category","embeddable":true,"href":"https:\/\/vicerrectorias.utp.edu.co\/responsabilidad-social\/wp-json\/wp\/v2\/categories?post=4591"},{"taxonomy":"post_tag","embeddable":true,"href":"https:\/\/vicerrectorias.utp.edu.co\/responsabilidad-social\/wp-json\/wp\/v2\/tags?post=4591"}],"curies":[{"name":"wp","href":"https:\/\/api.w.org\/{rel}","templated":true}]}}