{"id":4581,"date":"2018-04-13T10:58:23","date_gmt":"2018-04-13T08:58:23","guid":{"rendered":""},"modified":"2024-08-20T14:16:14","modified_gmt":"2024-08-20T12:16:14","slug":"socializacion-propuestas-candidatos-a-decanos-2018","status":"publish","type":"post","link":"https:\/\/vicerrectorias.utp.edu.co\/responsabilidad-social\/socializacion-propuestas-candidatos-a-decanos-2018\/","title":{"rendered":"Socializaci\u00f3n propuestas candidatos a Decanos 2018"},"content":{"rendered":"\n<p><span class=\"post-content__span\"> Socializaci\u00f3n propuestas de candidatos a Decanos abril de 2018<\/p>\n\n\n\n<p><span class=\"post-content__span\"> <img decoding=\"async\" src=\"https:\/\/comunicaciones.utp.edu.co\/wp-content\/uploads\/sites\/2\/Banner-propuestas-decanos-abril-2018.jpg\" alt=\"Elecciones de Decanos 18 de abril de 2018\"><\/p>\n\n\n\n<p><span class=\"post-content__span\"> Participa en la socializaci\u00f3n de propuestas de los candidatos a las decanaturas de las facultades de Tecnolog\u00edas, Ingenier\u00eda Industrial, Ingenier\u00eda Mec\u00e1nica, Ciencias Ambientales y Bellas Artes y Humanidades, este\u00a0<strong>lunes 16 de abril<\/strong>\u00a0en el\u00a0<strong>Auditorio Jorge Roa Mart\u00ednez<\/strong>, a part\u00edr de las 8:00 de la ma\u00f1ana con la siguiente agenda:<\/p>\n\n\n\n<p><span class=\"post-content__span\"> <strong>FACULTAD DE TECNOLOG\u00cdAS<\/strong><\/p>\n\n\n\n<p><span class=\"post-content__span\"> 8:00 a.m. Candidato&nbsp;Jos\u00e9 Reinaldo Mar\u00edn Betancurth<\/p>\n\n\n\n<p><span class=\"post-content__span\"> 8:40 a.m.&nbsp;Candidato&nbsp;Giovanni Arturo L\u00f3pez &nbsp;Isaza<\/p>\n\n\n\n<p><span class=\"post-content__span\"> <strong>FACULTAD DE INGENIER\u00cdA INDUSTRIAL<\/strong><\/p>\n\n\n\n<p><span class=\"post-content__span\"> 9:20 a.m.&nbsp;Candidato&nbsp;Wilson Arenas Valencia<\/p>\n\n\n\n<p><span class=\"post-content__span\"> <strong>FACULTAD DE INGENIER\u00cdA MEC\u00c1NICA<\/strong><\/p>\n\n\n\n<p><span class=\"post-content__span\"> 10:00 a.m.&nbsp;Candidato&nbsp;Juan Esteban Tibaquir\u00e1 Giraldo<\/p>\n\n\n\n<p><span class=\"post-content__span\"> <strong>FACULTAD DE CIENCIAS AMBIENTALES<\/strong><\/p>\n\n\n\n<p><span class=\"post-content__span\"> 10:40 a.m.&nbsp;Candidato&nbsp;Luis Gonzaga Guti\u00e9rrez L\u00f3pez<\/p>\n\n\n\n<p><span class=\"post-content__span\"> <strong>FACULTAD DE BELLAS ARTES Y HUMANIDADES<\/strong><\/p>\n\n\n\n<p><span class=\"post-content__span\"> 11:20 a.m.&nbsp;Candidato&nbsp;Enrique Arias Casta\u00f1o<\/p>\n\n\n\n<p><span class=\"post-content__span\"> Cada candidato har\u00e1 una presentaci\u00f3n de 20 minutos y posteriormente se abrir\u00e1 una ronda de preguntas de la comunidad.&nbsp;<\/p>\n\n\n\n<p><span class=\"post-content__span\"> <strong>T\u00fa haces parte del desarrollo de tu facultad, ent\u00e9rate, participa y vota este jueves 19 de abril<\/strong><\/p>\n\n\n\n<p><span class=\"post-content__span\"> * Si eres egresado, tienes plazo para inscribirte en la plataforma virtual hasta hoy viernes 13 de abril.<\/p>\n\n\n\n<p><span class=\"post-content__span\"> El evento ser\u00e1 transmitido en vivo por&nbsp;<a href=\"https:\/\/online.utp.edu.co\/\">UTPonline<\/a>&nbsp;\u00a1Sigue la transmisi\u00f3n!<\/p>\n","protected":false},"excerpt":{"rendered":"<p>Socializaci\u00f3n propuestas de candidatos a Decanos abril de 2018 Participa en la socializaci\u00f3n de propuestas de los candidatos a las [&hellip;]<\/p>\n","protected":false},"author":0,"featured_media":60303,"comment_status":"closed","ping_status":"closed","sticky":false,"template":"","format":"standard","meta":{"footnotes":""},"categories":[3],"tags":[],"class_list":["post-4581","post","type-post","status-publish","format-standard","has-post-thumbnail","hentry","category-noticias"],"_links":{"self":[{"href":"https:\/\/vicerrectorias.utp.edu.co\/responsabilidad-social\/wp-json\/wp\/v2\/posts\/4581","targetHints":{"allow":["GET"]}}],"collection":[{"href":"https:\/\/vicerrectorias.utp.edu.co\/responsabilidad-social\/wp-json\/wp\/v2\/posts"}],"about":[{"href":"https:\/\/vicerrectorias.utp.edu.co\/responsabilidad-social\/wp-json\/wp\/v2\/types\/post"}],"replies":[{"embeddable":true,"href":"https:\/\/vicerrectorias.utp.edu.co\/responsabilidad-social\/wp-json\/wp\/v2\/comments?post=4581"}],"version-history":[{"count":3,"href":"https:\/\/vicerrectorias.utp.edu.co\/responsabilidad-social\/wp-json\/wp\/v2\/posts\/4581\/revisions"}],"predecessor-version":[{"id":61301,"href":"https:\/\/vicerrectorias.utp.edu.co\/responsabilidad-social\/wp-json\/wp\/v2\/posts\/4581\/revisions\/61301"}],"wp:featuredmedia":[{"embeddable":true,"href":"https:\/\/vicerrectorias.utp.edu.co\/responsabilidad-social\/wp-json\/wp\/v2\/media\/60303"}],"wp:attachment":[{"href":"https:\/\/vicerrectorias.utp.edu.co\/responsabilidad-social\/wp-json\/wp\/v2\/media?parent=4581"}],"wp:term":[{"taxonomy":"category","embeddable":true,"href":"https:\/\/vicerrectorias.utp.edu.co\/responsabilidad-social\/wp-json\/wp\/v2\/categories?post=4581"},{"taxonomy":"post_tag","embeddable":true,"href":"https:\/\/vicerrectorias.utp.edu.co\/responsabilidad-social\/wp-json\/wp\/v2\/tags?post=4581"}],"curies":[{"name":"wp","href":"https:\/\/api.w.org\/{rel}","templated":true}]}}