{"id":4571,"date":"2018-04-12T11:17:28","date_gmt":"2018-04-12T09:17:28","guid":{"rendered":""},"modified":"2024-08-16T08:39:52","modified_gmt":"2024-08-16T06:39:52","slug":"consejo-superior-y-asociacion-de-padres-y-madres","status":"publish","type":"post","link":"https:\/\/vicerrectorias.utp.edu.co\/responsabilidad-social\/consejo-superior-y-asociacion-de-padres-y-madres\/","title":{"rendered":"Consejo superior y Asociaci\u00f3n de Padres y Madres"},"content":{"rendered":"\n<p><span class=\"post-content__span\"> Reuni\u00f3n consejo superior con la Asociaci\u00f3n de Padres y Madres de Familia UTP<\/p>\n\n\n<div class=\"wp-block-image\">\n<figure class=\"aligncenter\"><img decoding=\"async\" src=\"https:\/\/vicerrectorias.utp.edu.co\/responsabilidad-social\/wp-content\/uploads\/sites\/12\/IMG_7100.JPG\" alt=\"\"\/><\/figure>\n<\/div>\n\n\n<p><span class=\"post-content__span\"> Tuvo lugar en el Consejo Superior de la Universidad Tecnol\u00f3gica de Pereira, la reuni\u00f3n de la Asociaci\u00f3n de Madres y Padres de Famila de la UTP, con la presencia del Rector de la Instituci\u00f3n, Dr. Luis Fernando Gav\u00edria; donde se presentaron ante la junta las ideas y proyectos que hacen parte del plan de acci\u00f3n de la Asociaci\u00f3n para el periodo 2018- 2019 que centra su atenci\u00f3n en el acompa\u00f1amiento a los estudiantes por parte de la asociaci\u00f3n y la vicerrector\u00eda.<\/p>\n\n\n\n<p><span class=\"post-content__span\"> Dentro de las propuestas que se dieron a conocer est\u00e1n el fortalecimiento del acompa\u00f1amiento a los estudiantes por parte de los padres de los mismos, quienes, para Luis Alberto Rojas, presidente de la asociaci\u00f3n de Madres y Padres de Familia, juegan un papel fundamental en el proceso de formaci\u00f3n del estudiante.<\/p>\n\n\n\n<p><span class=\"post-content__span\"> \u201cLos padres debemos saber m\u00e1s sobre los j\u00f3venes, el porqu\u00e9 de sus actitudes y de sus actos, por esto esperamos fortalecer estas relaciones a trav\u00e9s de un acompa\u00f1amiento familiar\u201d<\/p>\n\n\n\n<p><span class=\"post-content__span\"> Adem\u00e1s de esto tambi\u00e9n se dio a conocer la propuesta que est\u00e1 siendo apoyada desde la vicerrector\u00eda que es el viernes cultural, en el que se tendr\u00e1n muestras art\u00edstico-culturales por parte de estudiantes y padres, todo esto con fondos provenientes de la Asociaci\u00f3n, y que al final del a\u00f1o en curso se contar\u00e1 con la premiaci\u00f3n de qui\u00e9n m\u00e1s participaciones activas haya tenido en dicho evento.<\/p>\n\n\n\n<p><span class=\"post-content__span\"> Finalmente se hizo el anuncio del \u201cFondo de Solidaridad de padres\u201d con el apoyo de diferentes empresarios de la regi\u00f3n, con el prop\u00f3sito de apoyar a los estudiantes que por condiciones ajenas a su voluntad, carezca de los medios para cubrir sus necesidades y de los cuales la Vicerector\u00eda de Responsabilidad y Bienestar Universitario no alcanza a cubrir, adem\u00e1s de ofrecer asesor\u00eda Jur\u00eddica para los estudiantes en cuanto a temas de violencia y situaciones legales de los que puedan tener un acompa\u00f1amiento. Tambi\u00e9n de manera conjunta con el SENA, la Universidad abrir\u00e1 cursos en diferentes \u00e1reas como formaci\u00f3n en sistemas y ofim\u00e1tica para los padres de familia, la informaci\u00f3n se puede obtener a trav\u00e9s de los correos&nbsp;<a href=\"mailto:asopadresutp@utp.edu.co\">asopadresutp@utp.edu.co<\/a>&nbsp;y&nbsp;<a href=\"mailto:lrfranco@utp.edu.co\">lrfranco@utp.edu.co<\/a><\/p>\n","protected":false},"excerpt":{"rendered":"<p>Reuni\u00f3n consejo superior con la Asociaci\u00f3n de Padres y Madres de Familia UTP Tuvo lugar en el Consejo Superior de [&hellip;]<\/p>\n","protected":false},"author":0,"featured_media":60302,"comment_status":"closed","ping_status":"closed","sticky":false,"template":"","format":"standard","meta":{"footnotes":""},"categories":[3],"tags":[],"class_list":["post-4571","post","type-post","status-publish","format-standard","has-post-thumbnail","hentry","category-noticias"],"_links":{"self":[{"href":"https:\/\/vicerrectorias.utp.edu.co\/responsabilidad-social\/wp-json\/wp\/v2\/posts\/4571","targetHints":{"allow":["GET"]}}],"collection":[{"href":"https:\/\/vicerrectorias.utp.edu.co\/responsabilidad-social\/wp-json\/wp\/v2\/posts"}],"about":[{"href":"https:\/\/vicerrectorias.utp.edu.co\/responsabilidad-social\/wp-json\/wp\/v2\/types\/post"}],"replies":[{"embeddable":true,"href":"https:\/\/vicerrectorias.utp.edu.co\/responsabilidad-social\/wp-json\/wp\/v2\/comments?post=4571"}],"version-history":[{"count":3,"href":"https:\/\/vicerrectorias.utp.edu.co\/responsabilidad-social\/wp-json\/wp\/v2\/posts\/4571\/revisions"}],"predecessor-version":[{"id":60876,"href":"https:\/\/vicerrectorias.utp.edu.co\/responsabilidad-social\/wp-json\/wp\/v2\/posts\/4571\/revisions\/60876"}],"wp:featuredmedia":[{"embeddable":true,"href":"https:\/\/vicerrectorias.utp.edu.co\/responsabilidad-social\/wp-json\/wp\/v2\/media\/60302"}],"wp:attachment":[{"href":"https:\/\/vicerrectorias.utp.edu.co\/responsabilidad-social\/wp-json\/wp\/v2\/media?parent=4571"}],"wp:term":[{"taxonomy":"category","embeddable":true,"href":"https:\/\/vicerrectorias.utp.edu.co\/responsabilidad-social\/wp-json\/wp\/v2\/categories?post=4571"},{"taxonomy":"post_tag","embeddable":true,"href":"https:\/\/vicerrectorias.utp.edu.co\/responsabilidad-social\/wp-json\/wp\/v2\/tags?post=4571"}],"curies":[{"name":"wp","href":"https:\/\/api.w.org\/{rel}","templated":true}]}}