{"id":4561,"date":"2018-04-11T12:21:02","date_gmt":"2018-04-11T10:21:02","guid":{"rendered":""},"modified":"2024-08-15T11:33:40","modified_gmt":"2024-08-15T09:33:40","slug":"28-festival-de-interpretes-de-la-cancion-utp","status":"publish","type":"post","link":"https:\/\/vicerrectorias.utp.edu.co\/responsabilidad-social\/28-festival-de-interpretes-de-la-cancion-utp\/","title":{"rendered":"28\u00ba Festival de Interpretes de la Canci\u00f3n UTP"},"content":{"rendered":"\n<p><span class=\"post-content__span\"> 28\u00ba Festival de int\u00e9rpretes de la canci\u00f3n UTP<\/p>\n\n\n\n<p><span class=\"post-content__span\"> El 28\u00ba Festival de Int\u00e9rpretes de la Canci\u00f3n UTP es un evento clasificatorio para representar a la Universidad en el Festival Nacional de la Canci\u00f3n Ascuncultura Nodo Centro en Fusagasug\u00e1 Cundinamarca, participan todas las facultades y dependencias de la UTP. Modalidades interprete solista y canci\u00f3n inedita.<\/p>\n\n\n\n<p><span class=\"post-content__span\"> Participa!!!<\/p>\n\n\n<div class=\"wp-block-image\">\n<figure class=\"aligncenter size-full\"><img loading=\"lazy\" decoding=\"async\" width=\"2480\" height=\"3507\" src=\"https:\/\/vicerrectorias.utp.edu.co\/responsabilidad-social\/wp-content\/uploads\/sites\/12\/festicancion.jpg\" alt=\"\" class=\"wp-image-60706\"\/><\/figure>\n<\/div>","protected":false},"excerpt":{"rendered":"<p>28\u00ba Festival de int\u00e9rpretes de la canci\u00f3n UTP El 28\u00ba Festival de Int\u00e9rpretes de la Canci\u00f3n UTP es un evento [&hellip;]<\/p>\n","protected":false},"author":0,"featured_media":60301,"comment_status":"closed","ping_status":"closed","sticky":false,"template":"","format":"standard","meta":{"footnotes":""},"categories":[3],"tags":[],"class_list":["post-4561","post","type-post","status-publish","format-standard","has-post-thumbnail","hentry","category-noticias"],"_links":{"self":[{"href":"https:\/\/vicerrectorias.utp.edu.co\/responsabilidad-social\/wp-json\/wp\/v2\/posts\/4561","targetHints":{"allow":["GET"]}}],"collection":[{"href":"https:\/\/vicerrectorias.utp.edu.co\/responsabilidad-social\/wp-json\/wp\/v2\/posts"}],"about":[{"href":"https:\/\/vicerrectorias.utp.edu.co\/responsabilidad-social\/wp-json\/wp\/v2\/types\/post"}],"replies":[{"embeddable":true,"href":"https:\/\/vicerrectorias.utp.edu.co\/responsabilidad-social\/wp-json\/wp\/v2\/comments?post=4561"}],"version-history":[{"count":2,"href":"https:\/\/vicerrectorias.utp.edu.co\/responsabilidad-social\/wp-json\/wp\/v2\/posts\/4561\/revisions"}],"predecessor-version":[{"id":9168,"href":"https:\/\/vicerrectorias.utp.edu.co\/responsabilidad-social\/wp-json\/wp\/v2\/posts\/4561\/revisions\/9168"}],"wp:featuredmedia":[{"embeddable":true,"href":"https:\/\/vicerrectorias.utp.edu.co\/responsabilidad-social\/wp-json\/wp\/v2\/media\/60301"}],"wp:attachment":[{"href":"https:\/\/vicerrectorias.utp.edu.co\/responsabilidad-social\/wp-json\/wp\/v2\/media?parent=4561"}],"wp:term":[{"taxonomy":"category","embeddable":true,"href":"https:\/\/vicerrectorias.utp.edu.co\/responsabilidad-social\/wp-json\/wp\/v2\/categories?post=4561"},{"taxonomy":"post_tag","embeddable":true,"href":"https:\/\/vicerrectorias.utp.edu.co\/responsabilidad-social\/wp-json\/wp\/v2\/tags?post=4561"}],"curies":[{"name":"wp","href":"https:\/\/api.w.org\/{rel}","templated":true}]}}