{"id":4551,"date":"2018-04-09T10:02:32","date_gmt":"2018-04-09T08:02:32","guid":{"rendered":""},"modified":"2024-08-15T14:40:50","modified_gmt":"2024-08-15T12:40:50","slug":"audiencia-publica-de-rendicion-de-cuentas-utp-2018","status":"publish","type":"post","link":"https:\/\/vicerrectorias.utp.edu.co\/responsabilidad-social\/audiencia-publica-de-rendicion-de-cuentas-utp-2018\/","title":{"rendered":"Audiencia P\u00fablica de Rendici\u00f3n de cuentas UTP 2018"},"content":{"rendered":"\n<p><span class=\"post-content__span\"> UTP invita a la Audiencia P\u00fablica de Rendici\u00f3n de cuentas<\/p>\n\n\n\n<p><span class=\"post-content__span\"> <img decoding=\"async\" alt=\"UTP invita a la Audiencia P\u00fablica de Rendici\u00f3n de cuentas\" src=\"https:\/\/comunicaciones.utp.edu.co\/wp-content\/uploads\/sites\/2\/Construccion-de-nuestro-nuevo-Plan-de-Desarrollo-minatura.jpg\">Te invitamos a ver este video para que te enteres porqu\u00e9 es importante que nos acompa\u00f1es en la Audiencia P\u00fablica de Rendici\u00f3n de Cuentas a la Ciudadan\u00eda. Te esperamos este 18 de abril a partir de las 9 de la ma\u00f1ana en el Auditorio Jorge Roa Mart\u00ednez.<\/p>\n\n\n\n<p><span class=\"post-content__span\"> Para conocer m\u00e1s detalles ingresa al siguiente enlace:&nbsp;&nbsp;<a href=\"https:\/\/youtu.be\/YpNc0iTIRIw\" target=\"_blank\" rel=\"noreferrer noopener\">https:\/\/youtu.be\/YpNc0iTIRIw<\/a>&nbsp; &nbsp;<\/p>\n\n\n\n<p><span class=\"post-content__span\"> o trav\u00e9s de Facebook:&nbsp;<a href=\"https:\/\/www.facebook.com\/utpereira\/videos\/2049782791728822\/\" target=\"_blank\" rel=\"noreferrer noopener\">https:\/\/www.facebook.com\/utpereira\/videos\/2049782791728822\/<\/a><\/p>\n","protected":false},"excerpt":{"rendered":"<p>UTP invita a la Audiencia P\u00fablica de Rendici\u00f3n de cuentas Te invitamos a ver este video para que te enteres [&hellip;]<\/p>\n","protected":false},"author":0,"featured_media":60300,"comment_status":"closed","ping_status":"closed","sticky":false,"template":"","format":"standard","meta":{"footnotes":""},"categories":[3],"tags":[],"class_list":["post-4551","post","type-post","status-publish","format-standard","has-post-thumbnail","hentry","category-noticias"],"_links":{"self":[{"href":"https:\/\/vicerrectorias.utp.edu.co\/responsabilidad-social\/wp-json\/wp\/v2\/posts\/4551","targetHints":{"allow":["GET"]}}],"collection":[{"href":"https:\/\/vicerrectorias.utp.edu.co\/responsabilidad-social\/wp-json\/wp\/v2\/posts"}],"about":[{"href":"https:\/\/vicerrectorias.utp.edu.co\/responsabilidad-social\/wp-json\/wp\/v2\/types\/post"}],"replies":[{"embeddable":true,"href":"https:\/\/vicerrectorias.utp.edu.co\/responsabilidad-social\/wp-json\/wp\/v2\/comments?post=4551"}],"version-history":[{"count":2,"href":"https:\/\/vicerrectorias.utp.edu.co\/responsabilidad-social\/wp-json\/wp\/v2\/posts\/4551\/revisions"}],"predecessor-version":[{"id":9169,"href":"https:\/\/vicerrectorias.utp.edu.co\/responsabilidad-social\/wp-json\/wp\/v2\/posts\/4551\/revisions\/9169"}],"wp:featuredmedia":[{"embeddable":true,"href":"https:\/\/vicerrectorias.utp.edu.co\/responsabilidad-social\/wp-json\/wp\/v2\/media\/60300"}],"wp:attachment":[{"href":"https:\/\/vicerrectorias.utp.edu.co\/responsabilidad-social\/wp-json\/wp\/v2\/media?parent=4551"}],"wp:term":[{"taxonomy":"category","embeddable":true,"href":"https:\/\/vicerrectorias.utp.edu.co\/responsabilidad-social\/wp-json\/wp\/v2\/categories?post=4551"},{"taxonomy":"post_tag","embeddable":true,"href":"https:\/\/vicerrectorias.utp.edu.co\/responsabilidad-social\/wp-json\/wp\/v2\/tags?post=4551"}],"curies":[{"name":"wp","href":"https:\/\/api.w.org\/{rel}","templated":true}]}}