{"id":4541,"date":"2018-04-06T10:50:46","date_gmt":"2018-04-06T08:50:46","guid":{"rendered":""},"modified":"2024-08-16T07:36:25","modified_gmt":"2024-08-16T05:36:25","slug":"clausura-juegos-interfacultades-siglo-xxi","status":"publish","type":"post","link":"https:\/\/vicerrectorias.utp.edu.co\/responsabilidad-social\/clausura-juegos-interfacultades-siglo-xxi\/","title":{"rendered":"Clausura Juegos Interfacultades Siglo XXI"},"content":{"rendered":"\n<p><span class=\"post-content__span\"> As\u00ed transcurri\u00f3 la Clausura I Juegos Interfacultades Siglo XXI<\/p>\n\n\n\n<p><span class=\"post-content__span\"> <img decoding=\"async\" src=\"https:\/\/comunicaciones.utp.edu.co\/wp-content\/uploads\/sites\/2\/6-marzo-Interfacultades.jpg\" alt=\"As\u00ed transcurri\u00f3 la Clausura  I Juegos Interfacultades Siglo XXI  \"><\/p>\n\n\n\n<p><span class=\"post-content__span\"> Desde los 60, los Juegos Interfacultades pertenecen a la memoria de la Universidad Tecnol\u00f3gica de Pereira.<\/p>\n\n\n\n<p><span class=\"post-content__span\"> Los juegos interfacultades son inherentes a la existencia de la Universidad;&nbsp; en la d\u00e9cada de los 60, los deportistas participaban de estas justas de los cuales clasificaban los deportistas que representar\u00edan a la Universidad en los Juegos universitarios, lo cual dur\u00f3 hasta la d\u00e9cada de los 90. Los \u00faltimos juegos se desarrollaron en el a\u00f1o 2000.<\/p>\n\n\n\n<p><span class=\"post-content__span\"> Es as\u00ed, como los miembros de cada facultad se reunieron en pro de un evento deportivo, que congreg\u00f3 a los talentos de la UTP despu\u00e9s de 20 a\u00f1os.<\/p>\n\n\n\n<p><span class=\"post-content__span\"> Esta vez, los asistentes pudieron conocer el talento de los tecnol\u00f3gicos en diferentes disciplinas deportivas individuales y de conjunto y tambi\u00e9n en actividades art\u00edsticas, culturales y sociales, logrando reunir a todos los estamentos de la comunidad universitaria: estudiantes, docentes y administrativos de cada facultad.<\/p>\n\n\n\n<figure class=\"wp-block-image\"><img decoding=\"async\" src=\"https:\/\/vicerrectorias.utp.edu.co\/responsabilidad-social\/wp-content\/uploads\/sites\/12\/513A8790.JPG\" alt=\"\"\/><\/figure>\n\n\n\n<figure class=\"wp-block-image\"><img decoding=\"async\" src=\"https:\/\/vicerrectorias.utp.edu.co\/responsabilidad-social\/wp-content\/uploads\/sites\/12\/513A8816.JPG\" alt=\"\"\/><\/figure>\n","protected":false},"excerpt":{"rendered":"<p>As\u00ed transcurri\u00f3 la Clausura I Juegos Interfacultades Siglo XXI Desde los 60, los Juegos Interfacultades pertenecen a la memoria de [&hellip;]<\/p>\n","protected":false},"author":0,"featured_media":60299,"comment_status":"closed","ping_status":"closed","sticky":false,"template":"","format":"standard","meta":{"footnotes":""},"categories":[3],"tags":[],"class_list":["post-4541","post","type-post","status-publish","format-standard","has-post-thumbnail","hentry","category-noticias"],"_links":{"self":[{"href":"https:\/\/vicerrectorias.utp.edu.co\/responsabilidad-social\/wp-json\/wp\/v2\/posts\/4541","targetHints":{"allow":["GET"]}}],"collection":[{"href":"https:\/\/vicerrectorias.utp.edu.co\/responsabilidad-social\/wp-json\/wp\/v2\/posts"}],"about":[{"href":"https:\/\/vicerrectorias.utp.edu.co\/responsabilidad-social\/wp-json\/wp\/v2\/types\/post"}],"replies":[{"embeddable":true,"href":"https:\/\/vicerrectorias.utp.edu.co\/responsabilidad-social\/wp-json\/wp\/v2\/comments?post=4541"}],"version-history":[{"count":3,"href":"https:\/\/vicerrectorias.utp.edu.co\/responsabilidad-social\/wp-json\/wp\/v2\/posts\/4541\/revisions"}],"predecessor-version":[{"id":60824,"href":"https:\/\/vicerrectorias.utp.edu.co\/responsabilidad-social\/wp-json\/wp\/v2\/posts\/4541\/revisions\/60824"}],"wp:featuredmedia":[{"embeddable":true,"href":"https:\/\/vicerrectorias.utp.edu.co\/responsabilidad-social\/wp-json\/wp\/v2\/media\/60299"}],"wp:attachment":[{"href":"https:\/\/vicerrectorias.utp.edu.co\/responsabilidad-social\/wp-json\/wp\/v2\/media?parent=4541"}],"wp:term":[{"taxonomy":"category","embeddable":true,"href":"https:\/\/vicerrectorias.utp.edu.co\/responsabilidad-social\/wp-json\/wp\/v2\/categories?post=4541"},{"taxonomy":"post_tag","embeddable":true,"href":"https:\/\/vicerrectorias.utp.edu.co\/responsabilidad-social\/wp-json\/wp\/v2\/tags?post=4541"}],"curies":[{"name":"wp","href":"https:\/\/api.w.org\/{rel}","templated":true}]}}