{"id":4521,"date":"2018-04-03T13:26:58","date_gmt":"2018-04-03T11:26:58","guid":{"rendered":""},"modified":"2024-08-15T15:52:44","modified_gmt":"2024-08-15T13:52:44","slug":"informe-candidatos-inscritos-para-las-elecciones-d","status":"publish","type":"post","link":"https:\/\/vicerrectorias.utp.edu.co\/responsabilidad-social\/informe-candidatos-inscritos-para-las-elecciones-d\/","title":{"rendered":"Informe candidatos Inscritos para las elecciones d"},"content":{"rendered":"\n<p><span class=\"post-content__span\"> <span>La Secretaria General presenta el informe de candidatos inscritos para las elecciones de Decanos de las Facultades de Ciencias Ambientales, Bellas Artes y Humanidades, Ingenier\u00eda Industrial, Tecnolog\u00eda e Ingenier\u00eda Mec\u00e1nica, las cuales tendr\u00e1n lugar el pr\u00f3ximo 19 de abril,&nbsp;<\/span><a rel=\"nofollow\" href=\"https:\/\/www.utp.edu.co\/cms-utp\/data\/bin\/UTP\/web\/uploads\/media\/comunicaciones\/documentos\/informe-candidatos-inscritos-elecciones-de-decanos.pdf\">ver adjunto.<\/a><\/p>\n","protected":false},"excerpt":{"rendered":"<p>La Secretaria General presenta el informe de candidatos inscritos para las elecciones de Decanos de las Facultades de Ciencias Ambientales, [&hellip;]<\/p>\n","protected":false},"author":0,"featured_media":60297,"comment_status":"closed","ping_status":"closed","sticky":false,"template":"","format":"standard","meta":{"footnotes":""},"categories":[3],"tags":[],"class_list":["post-4521","post","type-post","status-publish","format-standard","has-post-thumbnail","hentry","category-noticias"],"_links":{"self":[{"href":"https:\/\/vicerrectorias.utp.edu.co\/responsabilidad-social\/wp-json\/wp\/v2\/posts\/4521","targetHints":{"allow":["GET"]}}],"collection":[{"href":"https:\/\/vicerrectorias.utp.edu.co\/responsabilidad-social\/wp-json\/wp\/v2\/posts"}],"about":[{"href":"https:\/\/vicerrectorias.utp.edu.co\/responsabilidad-social\/wp-json\/wp\/v2\/types\/post"}],"replies":[{"embeddable":true,"href":"https:\/\/vicerrectorias.utp.edu.co\/responsabilidad-social\/wp-json\/wp\/v2\/comments?post=4521"}],"version-history":[{"count":1,"href":"https:\/\/vicerrectorias.utp.edu.co\/responsabilidad-social\/wp-json\/wp\/v2\/posts\/4521\/revisions"}],"predecessor-version":[{"id":9172,"href":"https:\/\/vicerrectorias.utp.edu.co\/responsabilidad-social\/wp-json\/wp\/v2\/posts\/4521\/revisions\/9172"}],"wp:featuredmedia":[{"embeddable":true,"href":"https:\/\/vicerrectorias.utp.edu.co\/responsabilidad-social\/wp-json\/wp\/v2\/media\/60297"}],"wp:attachment":[{"href":"https:\/\/vicerrectorias.utp.edu.co\/responsabilidad-social\/wp-json\/wp\/v2\/media?parent=4521"}],"wp:term":[{"taxonomy":"category","embeddable":true,"href":"https:\/\/vicerrectorias.utp.edu.co\/responsabilidad-social\/wp-json\/wp\/v2\/categories?post=4521"},{"taxonomy":"post_tag","embeddable":true,"href":"https:\/\/vicerrectorias.utp.edu.co\/responsabilidad-social\/wp-json\/wp\/v2\/tags?post=4521"}],"curies":[{"name":"wp","href":"https:\/\/api.w.org\/{rel}","templated":true}]}}