{"id":4501,"date":"2018-04-02T15:18:26","date_gmt":"2018-04-02T13:18:26","guid":{"rendered":""},"modified":"2024-08-15T15:52:44","modified_gmt":"2024-08-15T13:52:44","slug":"inauguracion-canchas-de-tenis-utp","status":"publish","type":"post","link":"https:\/\/vicerrectorias.utp.edu.co\/responsabilidad-social\/inauguracion-canchas-de-tenis-utp\/","title":{"rendered":"Inauguraci\u00f3n Canchas de Tenis UTP"},"content":{"rendered":"\n<p><span class=\"post-content__span\"> El Proximo mi\u00e9rcoles 4 de abril tendremos la inauguraci\u00f3n de dos hermosas canchas de tenis en polvo de ladrillo&nbsp;<\/p>\n\n\n\n<p><span class=\"post-content__span\"> Acomp\u00e1\u00f1anos y progr\u00e1mate para que disfrutes de los nuevos escenarios&nbsp;deportivos que tenemos para ti<\/p>\n\n\n\n<figure class=\"wp-block-image\"><img decoding=\"async\" src=\"https:\/\/vicerrectorias.utp.edu.co\/responsabilidad-social\/wp-content\/uploads\/sites\/12\/Invitacion%20Inauguracion%20Canchas%20Tenis%20copia.jpg\" alt=\"\"\/><\/figure>\n","protected":false},"excerpt":{"rendered":"<p>El Proximo mi\u00e9rcoles 4 de abril tendremos la inauguraci\u00f3n de dos hermosas canchas de tenis en polvo de ladrillo&nbsp; Acomp\u00e1\u00f1anos [&hellip;]<\/p>\n","protected":false},"author":0,"featured_media":60295,"comment_status":"closed","ping_status":"closed","sticky":false,"template":"","format":"standard","meta":{"footnotes":""},"categories":[3],"tags":[],"class_list":["post-4501","post","type-post","status-publish","format-standard","has-post-thumbnail","hentry","category-noticias"],"_links":{"self":[{"href":"https:\/\/vicerrectorias.utp.edu.co\/responsabilidad-social\/wp-json\/wp\/v2\/posts\/4501","targetHints":{"allow":["GET"]}}],"collection":[{"href":"https:\/\/vicerrectorias.utp.edu.co\/responsabilidad-social\/wp-json\/wp\/v2\/posts"}],"about":[{"href":"https:\/\/vicerrectorias.utp.edu.co\/responsabilidad-social\/wp-json\/wp\/v2\/types\/post"}],"replies":[{"embeddable":true,"href":"https:\/\/vicerrectorias.utp.edu.co\/responsabilidad-social\/wp-json\/wp\/v2\/comments?post=4501"}],"version-history":[{"count":1,"href":"https:\/\/vicerrectorias.utp.edu.co\/responsabilidad-social\/wp-json\/wp\/v2\/posts\/4501\/revisions"}],"predecessor-version":[{"id":9174,"href":"https:\/\/vicerrectorias.utp.edu.co\/responsabilidad-social\/wp-json\/wp\/v2\/posts\/4501\/revisions\/9174"}],"wp:featuredmedia":[{"embeddable":true,"href":"https:\/\/vicerrectorias.utp.edu.co\/responsabilidad-social\/wp-json\/wp\/v2\/media\/60295"}],"wp:attachment":[{"href":"https:\/\/vicerrectorias.utp.edu.co\/responsabilidad-social\/wp-json\/wp\/v2\/media?parent=4501"}],"wp:term":[{"taxonomy":"category","embeddable":true,"href":"https:\/\/vicerrectorias.utp.edu.co\/responsabilidad-social\/wp-json\/wp\/v2\/categories?post=4501"},{"taxonomy":"post_tag","embeddable":true,"href":"https:\/\/vicerrectorias.utp.edu.co\/responsabilidad-social\/wp-json\/wp\/v2\/tags?post=4501"}],"curies":[{"name":"wp","href":"https:\/\/api.w.org\/{rel}","templated":true}]}}