{"id":4461,"date":"2018-03-13T15:53:31","date_gmt":"2018-03-13T14:53:31","guid":{"rendered":""},"modified":"2024-08-15T14:11:17","modified_gmt":"2024-08-15T12:11:17","slug":"apoyo-a-la-comunidad-utp-para-elaboracion-de-duelo","status":"publish","type":"post","link":"https:\/\/vicerrectorias.utp.edu.co\/responsabilidad-social\/apoyo-a-la-comunidad-utp-para-elaboracion-de-duelo\/","title":{"rendered":"Apoyo a la comunidad UTP para elaboraci\u00f3n de duelo"},"content":{"rendered":"\n<p><span class=\"post-content__span\"> Apoyo a la comunidad universitaria para elaboraci\u00f3n de duelo<\/p>\n\n\n\n<p><span class=\"post-content__span\"> <img decoding=\"async\" src=\"https:\/\/comunicaciones.utp.edu.co\/wp-content\/uploads\/sites\/2\/logo-vicerrectoria-de-responsabilidad-social-294X176.jpg\" alt=\"Apoyo a la comunidad universitaria para elaboraci\u00f3n de duelo\"><\/p>\n\n\n\n<p><span class=\"post-content__span\"> La Vicerrector\u00eda de Responsabilidad Social y Bienestar Universitario ofrecer\u00e1 desde promoci\u00f3n de la Salud Integral, acompa\u00f1amiento psicol\u00f3gico para miembros de la comunidad universitaria que desean elaborar sus duelos por la p\u00e9rdida de seres queridos, quienes est\u00e9n interesados pueden asistir a la oficina 2-112 el pr\u00f3ximo mi\u00e9rcoles 14 marzo de 4:00 p.m. a 5:00 p.m. con la biotanat\u00f3loga Sandra Milena Bedoya.<\/p>\n","protected":false},"excerpt":{"rendered":"<p>Apoyo a la comunidad universitaria para elaboraci\u00f3n de duelo La Vicerrector\u00eda de Responsabilidad Social y Bienestar Universitario ofrecer\u00e1 desde promoci\u00f3n [&hellip;]<\/p>\n","protected":false},"author":0,"featured_media":60291,"comment_status":"closed","ping_status":"closed","sticky":false,"template":"","format":"standard","meta":{"footnotes":""},"categories":[3],"tags":[],"class_list":["post-4461","post","type-post","status-publish","format-standard","has-post-thumbnail","hentry","category-noticias"],"_links":{"self":[{"href":"https:\/\/vicerrectorias.utp.edu.co\/responsabilidad-social\/wp-json\/wp\/v2\/posts\/4461","targetHints":{"allow":["GET"]}}],"collection":[{"href":"https:\/\/vicerrectorias.utp.edu.co\/responsabilidad-social\/wp-json\/wp\/v2\/posts"}],"about":[{"href":"https:\/\/vicerrectorias.utp.edu.co\/responsabilidad-social\/wp-json\/wp\/v2\/types\/post"}],"replies":[{"embeddable":true,"href":"https:\/\/vicerrectorias.utp.edu.co\/responsabilidad-social\/wp-json\/wp\/v2\/comments?post=4461"}],"version-history":[{"count":3,"href":"https:\/\/vicerrectorias.utp.edu.co\/responsabilidad-social\/wp-json\/wp\/v2\/posts\/4461\/revisions"}],"predecessor-version":[{"id":9178,"href":"https:\/\/vicerrectorias.utp.edu.co\/responsabilidad-social\/wp-json\/wp\/v2\/posts\/4461\/revisions\/9178"}],"wp:featuredmedia":[{"embeddable":true,"href":"https:\/\/vicerrectorias.utp.edu.co\/responsabilidad-social\/wp-json\/wp\/v2\/media\/60291"}],"wp:attachment":[{"href":"https:\/\/vicerrectorias.utp.edu.co\/responsabilidad-social\/wp-json\/wp\/v2\/media?parent=4461"}],"wp:term":[{"taxonomy":"category","embeddable":true,"href":"https:\/\/vicerrectorias.utp.edu.co\/responsabilidad-social\/wp-json\/wp\/v2\/categories?post=4461"},{"taxonomy":"post_tag","embeddable":true,"href":"https:\/\/vicerrectorias.utp.edu.co\/responsabilidad-social\/wp-json\/wp\/v2\/tags?post=4461"}],"curies":[{"name":"wp","href":"https:\/\/api.w.org\/{rel}","templated":true}]}}