{"id":4451,"date":"2018-03-13T09:35:28","date_gmt":"2018-03-13T08:35:28","guid":{"rendered":""},"modified":"2024-08-15T15:52:44","modified_gmt":"2024-08-15T13:52:44","slug":"programa-entorno-saludable-08032018","status":"publish","type":"post","link":"https:\/\/vicerrectorias.utp.edu.co\/responsabilidad-social\/programa-entorno-saludable-08032018\/","title":{"rendered":"Programa Entorno saludable 08\/03\/2018"},"content":{"rendered":"\n<p><span class=\"post-content__span\"> <span>Escucha el programa completo sobre c\u00e1ncer en IVOX&nbsp;<\/span><a href=\"https:\/\/www.ivoox.com\/24226736\" target=\"_blank\" rel=\"noopener noreferrer\">https:\/\/www.ivoox.com\/24226736<\/a><span>&nbsp;y no te pierdas nuestra pr\u00f3xima emisi\u00f3n el jueves a las 8 a.m en Universitaria&nbsp;Est\u00e9reo&nbsp;88.2 FM ESPECIAL SOBRE CUIDADOS CON EL CONSUMO DEL PESCADO Y LA PSICOLOG\u00cdA PARA COMBATIR EL&nbsp;SOBREPESO Y LA OBESIDAD tambi\u00e9n la puedes escuchar online&nbsp;<\/span><a rel=\"nofollow noopener noreferrer\" href=\"https:\/\/onlineradiobox.com\/co\/universitaria\/?cs=co.universitaria\" target=\"_blank\">https:\/\/onlineradiobox.com\/co\/universitaria\/\u2026<\/a><span>&nbsp;y participar llamando al 3137564 los jueves de 8 a 8 y 30 a.m&nbsp;<\/span><\/p>\n\n\n\n<figure class=\"wp-block-embed\"><div class=\"wp-block-embed__wrapper\">\nhttps:\/\/drive.google.com\/file\/d\/1-7SMt9xUbM6FupIllyV7LcP0hrEltloE\/view\n<\/div><\/figure>\n\n\n\n<div>&nbsp;<\/div>\n","protected":false},"excerpt":{"rendered":"<p>Escucha el programa completo sobre c\u00e1ncer en IVOX&nbsp;https:\/\/www.ivoox.com\/24226736&nbsp;y no te pierdas nuestra pr\u00f3xima emisi\u00f3n el jueves a las 8 a.m [&hellip;]<\/p>\n","protected":false},"author":0,"featured_media":60290,"comment_status":"closed","ping_status":"closed","sticky":false,"template":"","format":"standard","meta":{"footnotes":""},"categories":[3],"tags":[],"class_list":["post-4451","post","type-post","status-publish","format-standard","has-post-thumbnail","hentry","category-noticias"],"_links":{"self":[{"href":"https:\/\/vicerrectorias.utp.edu.co\/responsabilidad-social\/wp-json\/wp\/v2\/posts\/4451","targetHints":{"allow":["GET"]}}],"collection":[{"href":"https:\/\/vicerrectorias.utp.edu.co\/responsabilidad-social\/wp-json\/wp\/v2\/posts"}],"about":[{"href":"https:\/\/vicerrectorias.utp.edu.co\/responsabilidad-social\/wp-json\/wp\/v2\/types\/post"}],"replies":[{"embeddable":true,"href":"https:\/\/vicerrectorias.utp.edu.co\/responsabilidad-social\/wp-json\/wp\/v2\/comments?post=4451"}],"version-history":[{"count":1,"href":"https:\/\/vicerrectorias.utp.edu.co\/responsabilidad-social\/wp-json\/wp\/v2\/posts\/4451\/revisions"}],"predecessor-version":[{"id":9179,"href":"https:\/\/vicerrectorias.utp.edu.co\/responsabilidad-social\/wp-json\/wp\/v2\/posts\/4451\/revisions\/9179"}],"wp:featuredmedia":[{"embeddable":true,"href":"https:\/\/vicerrectorias.utp.edu.co\/responsabilidad-social\/wp-json\/wp\/v2\/media\/60290"}],"wp:attachment":[{"href":"https:\/\/vicerrectorias.utp.edu.co\/responsabilidad-social\/wp-json\/wp\/v2\/media?parent=4451"}],"wp:term":[{"taxonomy":"category","embeddable":true,"href":"https:\/\/vicerrectorias.utp.edu.co\/responsabilidad-social\/wp-json\/wp\/v2\/categories?post=4451"},{"taxonomy":"post_tag","embeddable":true,"href":"https:\/\/vicerrectorias.utp.edu.co\/responsabilidad-social\/wp-json\/wp\/v2\/tags?post=4451"}],"curies":[{"name":"wp","href":"https:\/\/api.w.org\/{rel}","templated":true}]}}