{"id":4431,"date":"2018-03-06T09:40:06","date_gmt":"2018-03-06T08:40:06","guid":{"rendered":""},"modified":"2024-08-16T11:13:36","modified_gmt":"2024-08-16T09:13:36","slug":"dia-internacional-de-la-mujer-mujer-del-siglo-xxi","status":"publish","type":"post","link":"https:\/\/vicerrectorias.utp.edu.co\/responsabilidad-social\/dia-internacional-de-la-mujer-mujer-del-siglo-xxi\/","title":{"rendered":"D\u00eda Internacional de la Mujer, Mujer del Siglo XXI"},"content":{"rendered":"\n<p><span class=\"post-content__span\"> D\u00eda Internacional de la Mujer, \u00abMujer del Siglo XXI\u00bb<\/p>\n\n\n\n<p><span class=\"post-content__span\"> <span>La Universidad Tecnol\u00f3gica de Pereira, a trav\u00e9s de la Vicerrector\u00eda de Responsabilidad Social y Bienestar Universitario, invita a toda la comunidad UTP a que asista a la&nbsp;conmemoraci\u00f3n del D\u00eda Internacional de la mujer con la Feria \u00abMujer del Siglo XXI\u00bb.<\/span><\/p>\n\n\n\n<figure class=\"wp-block-image size-full\"><img loading=\"lazy\" decoding=\"async\" width=\"2550\" height=\"1437\" src=\"https:\/\/vicerrectorias.utp.edu.co\/responsabilidad-social\/wp-content\/uploads\/sites\/12\/2Sin-titulo-11.jpg\" alt=\"\" class=\"wp-image-60929\"\/><\/figure>\n\n\n\n<p><span class=\"post-content__span\"> <span>La feria se realizar\u00e1 este Jueves 8 de Marzo de 9:00 a.m. a 6:00 p.m.&nbsp;en la Plazoleta del Planetario, donde contaremos con la participaci\u00f3n de mujeres emprendedoras con una muestra de los diferentes productos fabricados por ellas mismas; as\u00ed como una muestra art\u00edstica&nbsp;de piezas gr\u00e1ficas y audiovisuales&nbsp;en alianza con el Centro de Estudios de G\u00e9nero y un gran cierre con la Orquesta Sinf\u00f3nica de la UTP.<\/span><\/p>\n\n\n\n<figure class=\"wp-block-image\"><img decoding=\"async\" src=\"https:\/\/vicerrectorias.utp.edu.co\/responsabilidad-social\/wp-content\/uploads\/sites\/12\/513A1434.jpg\" alt=\"\"\/><\/figure>\n\n\n\n<p><span class=\"post-content__span\"> <span>\u00a1Los esperamos!<\/span><\/p>\n\n\n\n<p><span class=\"post-content__span\"> Encuentro de Mujeres de Risaralda:<\/p>\n\n\n\n<figure class=\"wp-block-image\"><img decoding=\"async\" src=\"https:\/\/vicerrectorias.utp.edu.co\/responsabilidad-social\/wp-content\/uploads\/sites\/12\/agenda%20marzo.jpg\" alt=\"\"\/><\/figure>\n","protected":false},"excerpt":{"rendered":"<p>D\u00eda Internacional de la Mujer, \u00abMujer del Siglo XXI\u00bb La Universidad Tecnol\u00f3gica de Pereira, a trav\u00e9s de la Vicerrector\u00eda de [&hellip;]<\/p>\n","protected":false},"author":0,"featured_media":60288,"comment_status":"closed","ping_status":"closed","sticky":false,"template":"","format":"standard","meta":{"footnotes":""},"categories":[3],"tags":[],"class_list":["post-4431","post","type-post","status-publish","format-standard","has-post-thumbnail","hentry","category-noticias"],"_links":{"self":[{"href":"https:\/\/vicerrectorias.utp.edu.co\/responsabilidad-social\/wp-json\/wp\/v2\/posts\/4431","targetHints":{"allow":["GET"]}}],"collection":[{"href":"https:\/\/vicerrectorias.utp.edu.co\/responsabilidad-social\/wp-json\/wp\/v2\/posts"}],"about":[{"href":"https:\/\/vicerrectorias.utp.edu.co\/responsabilidad-social\/wp-json\/wp\/v2\/types\/post"}],"replies":[{"embeddable":true,"href":"https:\/\/vicerrectorias.utp.edu.co\/responsabilidad-social\/wp-json\/wp\/v2\/comments?post=4431"}],"version-history":[{"count":2,"href":"https:\/\/vicerrectorias.utp.edu.co\/responsabilidad-social\/wp-json\/wp\/v2\/posts\/4431\/revisions"}],"predecessor-version":[{"id":60930,"href":"https:\/\/vicerrectorias.utp.edu.co\/responsabilidad-social\/wp-json\/wp\/v2\/posts\/4431\/revisions\/60930"}],"wp:featuredmedia":[{"embeddable":true,"href":"https:\/\/vicerrectorias.utp.edu.co\/responsabilidad-social\/wp-json\/wp\/v2\/media\/60288"}],"wp:attachment":[{"href":"https:\/\/vicerrectorias.utp.edu.co\/responsabilidad-social\/wp-json\/wp\/v2\/media?parent=4431"}],"wp:term":[{"taxonomy":"category","embeddable":true,"href":"https:\/\/vicerrectorias.utp.edu.co\/responsabilidad-social\/wp-json\/wp\/v2\/categories?post=4431"},{"taxonomy":"post_tag","embeddable":true,"href":"https:\/\/vicerrectorias.utp.edu.co\/responsabilidad-social\/wp-json\/wp\/v2\/tags?post=4431"}],"curies":[{"name":"wp","href":"https:\/\/api.w.org\/{rel}","templated":true}]}}