{"id":4421,"date":"2018-03-01T08:56:24","date_gmt":"2018-03-01T07:56:24","guid":{"rendered":""},"modified":"2024-08-20T09:37:54","modified_gmt":"2024-08-20T07:37:54","slug":"jovenes-en-accion-1ra-entrega-de-incentivos-2018-1","status":"publish","type":"post","link":"https:\/\/vicerrectorias.utp.edu.co\/responsabilidad-social\/jovenes-en-accion-1ra-entrega-de-incentivos-2018-1\/","title":{"rendered":"J\u00f3venes en acci\u00f3n 1ra entrega de incentivos 2018-1"},"content":{"rendered":"\n<p><span class=\"post-content__span\"> <img decoding=\"async\" alt=\"Primera entrega de incentivos del a\u00f1o 2018 para J\u00f3venes en Acci\u00f3n \" src=\"https:\/\/comunicaciones.utp.edu.co\/wp-content\/uploads\/sites\/2\/Primera-entrega-de-incentivos-del-ano-2018-para-Jovenes-en-Accion-minatura.jpg\">El Programa J\u00f3venes en Acci\u00f3n inici\u00f3 el 27 de febrero y hasta el 20 de marzo del 2018 re-liquidaci\u00f3n incentivo de&nbsp;matr\u00edcula 2017-2 a los participantes del programa que no cobraron su incentivo entre los meses de diciembre 2017 y enero 2018, por motivos como olvido o debido a que no se encontraban en la ciudad de Pereira.<\/p>\n\n\n\n<p><span class=\"post-content__span\"> Recuerde consultar en el \u2018Portal de informaci\u00f3n del joven en acci\u00f3n\u2019 para conocer el resultado del proceso de verificaci\u00f3n, liquidaci\u00f3n y entrega de incentivos:&nbsp;<a rel=\"noreferrer noopener\" href=\"https:\/\/bit.ly\/portalJeA\" target=\"_blank\">https:\/\/bit.ly\/portalJeA<\/a><\/p>\n\n\n\n<p><span class=\"post-content__span\"> Tambi\u00e9n consulte:<\/p>\n\n\n\n<ul class=\"wp-block-list\">\n<li>Lista de Cajeros Autom\u00e1ticos:\u00a0<a href=\"https:\/\/bit.ly\/2EXPLp8\" target=\"_blank\" rel=\"noreferrer noopener\">https:\/\/bit.ly\/2EXPLp8<\/a>\u00a0<\/li>\n\n\n\n<li>Puntos Centros de Recaudo y Pago:\u00a0<a href=\"https:\/\/bit.ly\/2EWDLV9\" target=\"_blank\" rel=\"noreferrer noopener\">https:\/\/bit.ly\/2EWDLV9<\/a><\/li>\n<\/ul>\n\n\n\n<figure class=\"wp-block-image\"><img decoding=\"async\" src=\"https:\/\/comunicaciones.utp.edu.co\/wp-content\/uploads\/sites\/2\/Primera-entrega-de-incentivos-del-ano-2018-para-Jovenes-en-Accion.jpg\" alt=\"\"\/><\/figure>\n","protected":false},"excerpt":{"rendered":"<p>El Programa J\u00f3venes en Acci\u00f3n inici\u00f3 el 27 de febrero y hasta el 20 de marzo del 2018 re-liquidaci\u00f3n incentivo [&hellip;]<\/p>\n","protected":false},"author":0,"featured_media":60287,"comment_status":"closed","ping_status":"closed","sticky":false,"template":"","format":"standard","meta":{"footnotes":""},"categories":[3],"tags":[],"class_list":["post-4421","post","type-post","status-publish","format-standard","has-post-thumbnail","hentry","category-noticias"],"_links":{"self":[{"href":"https:\/\/vicerrectorias.utp.edu.co\/responsabilidad-social\/wp-json\/wp\/v2\/posts\/4421","targetHints":{"allow":["GET"]}}],"collection":[{"href":"https:\/\/vicerrectorias.utp.edu.co\/responsabilidad-social\/wp-json\/wp\/v2\/posts"}],"about":[{"href":"https:\/\/vicerrectorias.utp.edu.co\/responsabilidad-social\/wp-json\/wp\/v2\/types\/post"}],"replies":[{"embeddable":true,"href":"https:\/\/vicerrectorias.utp.edu.co\/responsabilidad-social\/wp-json\/wp\/v2\/comments?post=4421"}],"version-history":[{"count":2,"href":"https:\/\/vicerrectorias.utp.edu.co\/responsabilidad-social\/wp-json\/wp\/v2\/posts\/4421\/revisions"}],"predecessor-version":[{"id":61159,"href":"https:\/\/vicerrectorias.utp.edu.co\/responsabilidad-social\/wp-json\/wp\/v2\/posts\/4421\/revisions\/61159"}],"wp:featuredmedia":[{"embeddable":true,"href":"https:\/\/vicerrectorias.utp.edu.co\/responsabilidad-social\/wp-json\/wp\/v2\/media\/60287"}],"wp:attachment":[{"href":"https:\/\/vicerrectorias.utp.edu.co\/responsabilidad-social\/wp-json\/wp\/v2\/media?parent=4421"}],"wp:term":[{"taxonomy":"category","embeddable":true,"href":"https:\/\/vicerrectorias.utp.edu.co\/responsabilidad-social\/wp-json\/wp\/v2\/categories?post=4421"},{"taxonomy":"post_tag","embeddable":true,"href":"https:\/\/vicerrectorias.utp.edu.co\/responsabilidad-social\/wp-json\/wp\/v2\/tags?post=4421"}],"curies":[{"name":"wp","href":"https:\/\/api.w.org\/{rel}","templated":true}]}}