{"id":4401,"date":"2018-02-21T13:10:20","date_gmt":"2018-02-21T12:10:20","guid":{"rendered":""},"modified":"2024-08-20T10:38:00","modified_gmt":"2024-08-20T08:38:00","slug":"nueva-pagina-jovenes-en-accion-utp","status":"publish","type":"post","link":"https:\/\/vicerrectorias.utp.edu.co\/responsabilidad-social\/nueva-pagina-jovenes-en-accion-utp\/","title":{"rendered":"Nueva P\u00e1gina J\u00f3venes en Acci\u00f3n UTP"},"content":{"rendered":"\n<p><span class=\"post-content__span\"> Nueva P\u00e1gina J\u00f3venes en Acci\u00f3n UTP<\/p>\n\n\n\n<p><span class=\"post-content__span\"> <img decoding=\"async\" alt=\"Nueva P\u00e1gina J\u00f3venes en Acci\u00f3n UTP\" src=\"https:\/\/comunicaciones.utp.edu.co\/wp-content\/uploads\/sites\/2\/jovenes-en-accion.png\">La oficina del Programa J\u00f3venes en Acci\u00f3n de la Universidad Tecnol\u00f3gica los invita a seguir su nueva p\u00e1gina en Facebook, medio de comunicaci\u00f3n por el cual estar\u00e1n informados permanentemente. Link:&nbsp;<a href=\"https:\/\/www.facebook.com\/UTPjovenesenaccion\/\" target=\"_blank\" rel=\"noreferrer noopener\">https:\/\/www.facebook.com\/UTPjovenesenaccion\/<\/a><\/p>\n","protected":false},"excerpt":{"rendered":"<p>Nueva P\u00e1gina J\u00f3venes en Acci\u00f3n UTP La oficina del Programa J\u00f3venes en Acci\u00f3n de la Universidad Tecnol\u00f3gica los invita a [&hellip;]<\/p>\n","protected":false},"author":0,"featured_media":60285,"comment_status":"closed","ping_status":"closed","sticky":false,"template":"","format":"standard","meta":{"footnotes":""},"categories":[3],"tags":[],"class_list":["post-4401","post","type-post","status-publish","format-standard","has-post-thumbnail","hentry","category-noticias"],"_links":{"self":[{"href":"https:\/\/vicerrectorias.utp.edu.co\/responsabilidad-social\/wp-json\/wp\/v2\/posts\/4401","targetHints":{"allow":["GET"]}}],"collection":[{"href":"https:\/\/vicerrectorias.utp.edu.co\/responsabilidad-social\/wp-json\/wp\/v2\/posts"}],"about":[{"href":"https:\/\/vicerrectorias.utp.edu.co\/responsabilidad-social\/wp-json\/wp\/v2\/types\/post"}],"replies":[{"embeddable":true,"href":"https:\/\/vicerrectorias.utp.edu.co\/responsabilidad-social\/wp-json\/wp\/v2\/comments?post=4401"}],"version-history":[{"count":2,"href":"https:\/\/vicerrectorias.utp.edu.co\/responsabilidad-social\/wp-json\/wp\/v2\/posts\/4401\/revisions"}],"predecessor-version":[{"id":61207,"href":"https:\/\/vicerrectorias.utp.edu.co\/responsabilidad-social\/wp-json\/wp\/v2\/posts\/4401\/revisions\/61207"}],"wp:featuredmedia":[{"embeddable":true,"href":"https:\/\/vicerrectorias.utp.edu.co\/responsabilidad-social\/wp-json\/wp\/v2\/media\/60285"}],"wp:attachment":[{"href":"https:\/\/vicerrectorias.utp.edu.co\/responsabilidad-social\/wp-json\/wp\/v2\/media?parent=4401"}],"wp:term":[{"taxonomy":"category","embeddable":true,"href":"https:\/\/vicerrectorias.utp.edu.co\/responsabilidad-social\/wp-json\/wp\/v2\/categories?post=4401"},{"taxonomy":"post_tag","embeddable":true,"href":"https:\/\/vicerrectorias.utp.edu.co\/responsabilidad-social\/wp-json\/wp\/v2\/tags?post=4401"}],"curies":[{"name":"wp","href":"https:\/\/api.w.org\/{rel}","templated":true}]}}