{"id":4391,"date":"2018-02-20T08:36:57","date_gmt":"2018-02-20T07:36:57","guid":{"rendered":""},"modified":"2024-08-15T15:52:44","modified_gmt":"2024-08-15T13:52:44","slug":"nueva-junta-directiva-de-la-asociacion-de-padres","status":"publish","type":"post","link":"https:\/\/vicerrectorias.utp.edu.co\/responsabilidad-social\/nueva-junta-directiva-de-la-asociacion-de-padres\/","title":{"rendered":"NUEVA JUNTA DIRECTIVA DE LA ASOCIACI\u00d3N DE PADRES"},"content":{"rendered":"\n<p><span class=\"post-content__span\"> NUEVA JUNTA DIRECTIVA DE LA ASOCIACI\u00d3N DE PADRES Y MADRES DE FAMILIA DE LA UTP<\/p>\n\n\n\n<p><span class=\"post-content__span\"> La Asociaci\u00f3n de Padres y Madres de Familia de la Universidad Tecnol\u00f3gica de Pereira realiz\u00f3 el d\u00eda viernes 16 de febrero su Asamblea General, en la cual ha nombrado a un nuevo grupo de personas que relevar\u00e1n a quienes se han retirado de la junta directiva por diferentes causas.<\/p>\n\n\n\n<p><span class=\"post-content__span\"> Como presidente de este organismo fue nombrado el Mg Luis Alberto Rojas Franco, en quien los Padres han confiado la posibilidad de dar un nuevo empuje a esta organizaci\u00f3n, para incidir de forma directa, pertinente, efectiva y positiva en el bienestar de la comunidad estudiantil desde la perspectiva del acompa\u00f1amiento familiar. Vale resaltar que el profesional Luis Alberto ha trabajado en equipo con entes internos y externos desde la Vicerrector\u00eda de Responsabilidad Social y Bienestar Universitario, para la puesta en marcha de varias importantes estrategias que han aportado en el fortalecimiento del bienestar y la responsabilidad social en beneficio de la comunidad universitaria, aparte de haber sido el primer monitor social que tuvo la UTP, Docente, Administrativo y actualmente en su nuevo rol como Padre de Familia, quiere aportar al fortalecimiento de esta organizaci\u00f3n.<\/p>\n\n\n\n<p><span class=\"post-content__span\"> Adem\u00e1s se han integrado a esta nueva junta y a los comit\u00e9s, personas muy importantes como el Dr Andr\u00e9s Alarc\u00f3n Director del SENA quien estar\u00e1 en el Comit\u00e9 de Relaciones P\u00fablicas, la Se\u00f1ora Myriam Garc\u00eda como Secretaria, el Se\u00f1or James Pati\u00f1o para el Comit\u00e9 de Bienestar, el Se\u00f1or Leonardo Casta\u00f1eda, la Se\u00f1ora Maryuri Carvajal en el Comit\u00e9 de Educaci\u00f3n, la Se\u00f1ora Luz Marina P\u00e9rez, la Se\u00f1ora Diana Orrego y Luz Adriana Espinoza. Permanecen en la Junta el se\u00f1or Vicepresidente Diego Orozco Carmona, el Revisor Fiscal Luis Eduardo Salazar, el se\u00f1or Tesorero Roberto Jim\u00e9nez y el Se\u00f1or Vocal Antonio, quienes han aportado en la construcci\u00f3n de lo que es hoy esta importante organizaci\u00f3n.<\/p>\n\n\n\n<p><span class=\"post-content__span\"> Entre los retos m\u00e1s importantes para esta nueva junta, est\u00e1 la generaci\u00f3n de un proceso educativo para los padres que les permita desempe\u00f1ar un rol efectivo en el acompa\u00f1amiento a sus hijos para apoyar sus procesos de adaptaci\u00f3n, permanencia en la vida universitaria y egreso exitoso; la identificaci\u00f3n de capacidades de la Asociaci\u00f3n para plantear los alcances en las l\u00edneas de acompa\u00f1amiento y la integraci\u00f3n de esfuerzos y gestiones para el cuidado de los j\u00f3venes universitarios.<\/p>\n\n\n\n<p><span class=\"post-content__span\"> La idea de la Asociaci\u00f3n no es el intervencionismo sino el acompa\u00f1amiento y el restablecimiento de las capacidades de las familias y acudientes para ayudar a los j\u00f3venes a enfrentar los nuevos retos que la vida universitaria les presenta.<\/p>\n\n\n\n<p><span class=\"post-content__span\"> A la Presidenta saliente Mar\u00eda Isabel Gordillo, y a la Junta Directiva se le deben importantes avances en materia de direccionamiento estrat\u00e9gico, actualizaci\u00f3n de bases de datos sobre los Padres y Madres de Familia, actividades acad\u00e9micas, recreativas, culturales, deportivas y sociales, apoyo al talento de la Madre UTP Escritora y Poeta Ana Milena L\u00f3pez de V\u00e9lez, quien actualmente contin\u00faa generando sus obras literarias, el acompa\u00f1amiento a una estudiante para la permanencia estudiantil, espacios de reconocimiento con los estudiantes.<\/p>\n\n\n\n<p><span class=\"post-content__span\"> A los integrantes de la Junta Salientes y a los que contin\u00faan el reconocimiento por sus aportes.<\/p>\n","protected":false},"excerpt":{"rendered":"<p>NUEVA JUNTA DIRECTIVA DE LA ASOCIACI\u00d3N DE PADRES Y MADRES DE FAMILIA DE LA UTP La Asociaci\u00f3n de Padres y [&hellip;]<\/p>\n","protected":false},"author":0,"featured_media":60284,"comment_status":"closed","ping_status":"closed","sticky":false,"template":"","format":"standard","meta":{"footnotes":""},"categories":[3],"tags":[],"class_list":["post-4391","post","type-post","status-publish","format-standard","has-post-thumbnail","hentry","category-noticias"],"_links":{"self":[{"href":"https:\/\/vicerrectorias.utp.edu.co\/responsabilidad-social\/wp-json\/wp\/v2\/posts\/4391","targetHints":{"allow":["GET"]}}],"collection":[{"href":"https:\/\/vicerrectorias.utp.edu.co\/responsabilidad-social\/wp-json\/wp\/v2\/posts"}],"about":[{"href":"https:\/\/vicerrectorias.utp.edu.co\/responsabilidad-social\/wp-json\/wp\/v2\/types\/post"}],"replies":[{"embeddable":true,"href":"https:\/\/vicerrectorias.utp.edu.co\/responsabilidad-social\/wp-json\/wp\/v2\/comments?post=4391"}],"version-history":[{"count":1,"href":"https:\/\/vicerrectorias.utp.edu.co\/responsabilidad-social\/wp-json\/wp\/v2\/posts\/4391\/revisions"}],"predecessor-version":[{"id":9185,"href":"https:\/\/vicerrectorias.utp.edu.co\/responsabilidad-social\/wp-json\/wp\/v2\/posts\/4391\/revisions\/9185"}],"wp:featuredmedia":[{"embeddable":true,"href":"https:\/\/vicerrectorias.utp.edu.co\/responsabilidad-social\/wp-json\/wp\/v2\/media\/60284"}],"wp:attachment":[{"href":"https:\/\/vicerrectorias.utp.edu.co\/responsabilidad-social\/wp-json\/wp\/v2\/media?parent=4391"}],"wp:term":[{"taxonomy":"category","embeddable":true,"href":"https:\/\/vicerrectorias.utp.edu.co\/responsabilidad-social\/wp-json\/wp\/v2\/categories?post=4391"},{"taxonomy":"post_tag","embeddable":true,"href":"https:\/\/vicerrectorias.utp.edu.co\/responsabilidad-social\/wp-json\/wp\/v2\/tags?post=4391"}],"curies":[{"name":"wp","href":"https:\/\/api.w.org\/{rel}","templated":true}]}}