{"id":4371,"date":"2018-02-14T11:53:04","date_gmt":"2018-02-14T10:53:04","guid":{"rendered":""},"modified":"2024-08-15T15:52:44","modified_gmt":"2024-08-15T13:52:44","slug":"inicio-de-la-cuaresma-2018","status":"publish","type":"post","link":"https:\/\/vicerrectorias.utp.edu.co\/responsabilidad-social\/inicio-de-la-cuaresma-2018\/","title":{"rendered":"Inicio de la cuaresma 2018"},"content":{"rendered":"\n<p><span class=\"post-content__span\"> El d\u00eda de hoy con la santa&nbsp;<em>Ceniza<\/em>&nbsp;como elemento caracter\u00edstico&nbsp;se da inicio&nbsp;a la&nbsp;Cuaresma, cuarenta&nbsp;<em>d\u00edas<\/em>&nbsp;en los que se prepara la celebraci\u00f3n de la Pascua y la llegada de la Semana&nbsp;<em>Santa<\/em> que para este a\u00f1o, que ser\u00e1 del 25 al 31 de marzo.&nbsp;<\/p>\n\n\n\n<figure class=\"wp-block-image\"><img decoding=\"async\" src=\"https:\/\/vicerrectorias.utp.edu.co\/responsabilidad-social\/wp-content\/uploads\/sites\/12\/IMG-20180214-WA0013.jpg\" alt=\"\"\/><\/figure>\n","protected":false},"excerpt":{"rendered":"<p>El d\u00eda de hoy con la santa&nbsp;Ceniza&nbsp;como elemento caracter\u00edstico&nbsp;se da inicio&nbsp;a la&nbsp;Cuaresma, cuarenta&nbsp;d\u00edas&nbsp;en los que se prepara la celebraci\u00f3n de [&hellip;]<\/p>\n","protected":false},"author":0,"featured_media":60282,"comment_status":"closed","ping_status":"closed","sticky":false,"template":"","format":"standard","meta":{"footnotes":""},"categories":[3],"tags":[],"class_list":["post-4371","post","type-post","status-publish","format-standard","has-post-thumbnail","hentry","category-noticias"],"_links":{"self":[{"href":"https:\/\/vicerrectorias.utp.edu.co\/responsabilidad-social\/wp-json\/wp\/v2\/posts\/4371","targetHints":{"allow":["GET"]}}],"collection":[{"href":"https:\/\/vicerrectorias.utp.edu.co\/responsabilidad-social\/wp-json\/wp\/v2\/posts"}],"about":[{"href":"https:\/\/vicerrectorias.utp.edu.co\/responsabilidad-social\/wp-json\/wp\/v2\/types\/post"}],"replies":[{"embeddable":true,"href":"https:\/\/vicerrectorias.utp.edu.co\/responsabilidad-social\/wp-json\/wp\/v2\/comments?post=4371"}],"version-history":[{"count":1,"href":"https:\/\/vicerrectorias.utp.edu.co\/responsabilidad-social\/wp-json\/wp\/v2\/posts\/4371\/revisions"}],"predecessor-version":[{"id":9187,"href":"https:\/\/vicerrectorias.utp.edu.co\/responsabilidad-social\/wp-json\/wp\/v2\/posts\/4371\/revisions\/9187"}],"wp:featuredmedia":[{"embeddable":true,"href":"https:\/\/vicerrectorias.utp.edu.co\/responsabilidad-social\/wp-json\/wp\/v2\/media\/60282"}],"wp:attachment":[{"href":"https:\/\/vicerrectorias.utp.edu.co\/responsabilidad-social\/wp-json\/wp\/v2\/media?parent=4371"}],"wp:term":[{"taxonomy":"category","embeddable":true,"href":"https:\/\/vicerrectorias.utp.edu.co\/responsabilidad-social\/wp-json\/wp\/v2\/categories?post=4371"},{"taxonomy":"post_tag","embeddable":true,"href":"https:\/\/vicerrectorias.utp.edu.co\/responsabilidad-social\/wp-json\/wp\/v2\/tags?post=4371"}],"curies":[{"name":"wp","href":"https:\/\/api.w.org\/{rel}","templated":true}]}}