{"id":4361,"date":"2018-02-13T16:14:08","date_gmt":"2018-02-13T15:14:08","guid":{"rendered":""},"modified":"2024-08-20T09:15:39","modified_gmt":"2024-08-20T07:15:39","slug":"inscripcion-nivel-i-formacion-lengua-de-senas-2018","status":"publish","type":"post","link":"https:\/\/vicerrectorias.utp.edu.co\/responsabilidad-social\/inscripcion-nivel-i-formacion-lengua-de-senas-2018\/","title":{"rendered":"Inscripci\u00f3n Nivel I Formaci\u00f3n Lengua de Se\u00f1as 2018"},"content":{"rendered":"\n<figure class=\"wp-block-image size-full\"><img loading=\"lazy\" decoding=\"async\" width=\"3300\" height=\"2550\" src=\"https:\/\/vicerrectorias.utp.edu.co\/responsabilidad-social\/wp-content\/uploads\/sites\/12\/Taller-lengua-senas-nivel-1-1.jpg\" alt=\"\" class=\"wp-image-61132\"\/><\/figure>\n\n\n\n<p><span class=\"post-content__span\"> Tenga en cuenta los siguientes datos:<\/p>\n\n\n\n<p><span class=\"post-content__span\"> 1. Ingresar al link de Inscripci\u00f3n:\u00a0<a href=\"https:\/\/goo.gl\/forms\/p7iFSeH5GAd8Hw5H2\" target=\"_blank\" rel=\"noreferrer noopener\">https:\/\/goo.gl\/forms\/p7iFSeH5GAd8Hw5H2<\/a><\/p>\n\n\n\n<p><span class=\"post-content__span\"> 2. Los Horarios Disponibles para el Nivel I son: Grupo #1 Martes de 5:30pm a 9:00pm y\u00a0 Grupo # 2 Sabados de\u00a0 1:00pm a 5:00pm<\/p>\n\n\n\n<p><span class=\"post-content__span\"> 3. Despu\u00e9s\u00a0que se completen los cupos disponibles para el Nivel, se les convoca a una reuni\u00f3n informativa teniendo en cuenta su disponibilidad de tiempo al grupo que se\u00a0inscribi\u00f3<\/p>\n\n\n\n<p><span class=\"post-content__span\"> 4. Cada Nivel tiene una duraci\u00f3n de 40 Horas, las cuales se convierten en 16 semanas a partir del momento que se inicia la formaci\u00f3n<\/p>\n\n\n\n<p><span class=\"post-content__span\"> 5. El nivel no tiene ning\u00fan\u00a0costo, sin embargo\u00a0debe tener en cuenta que si se inscribe y usted no asiste&#8230;&#8230; le quito el cupo a una persona que realmente\u00a0si quer\u00eda\u00a0asistir.<\/p>\n\n\n\n<p><span class=\"post-content__span\"> 6. La formaci\u00f3n se brinda para toda la comunidad, sin embargo prioridad, estudiantes, docentes, administrativos, familiares de personas sordas adscritas a la UTP, despu\u00e9s\u00a0de completar\u00a0los cupos y si quedan disponibles se le brinda al publico en general.<\/p>\n\n\n\n<p><span class=\"post-content__span\"> 7. La asistencia es de car\u00e1cter\u00a0obligatorio y debe contar con mas del 80% para poder ser certificado<\/p>\n\n\n\n<p><span class=\"post-content__span\"> 8. El curso lo orienta una docente sorda que es el modelo ling\u00fc\u00edstico, lo acompa\u00f1a un interprete y monitores estudiantes sordos<\/p>\n\n\n\n<p><span class=\"post-content__span\"> 9. Se genera certificaci\u00f3n avalada por la asociaci\u00f3n de\u00a0 sordos de Cartago y la Universidad Tecnol\u00f3gica\u00a0de Pereira\u00a0<\/p>\n\n\n\n<p><span class=\"post-content__span\"> 10. En la reuni\u00f3n se les informara el sitio&nbsp;<\/p>\n","protected":false},"excerpt":{"rendered":"<p>Tenga en cuenta los siguientes datos: 1. Ingresar al link de Inscripci\u00f3n:\u00a0https:\/\/goo.gl\/forms\/p7iFSeH5GAd8Hw5H2 2. Los Horarios Disponibles para el Nivel I [&hellip;]<\/p>\n","protected":false},"author":0,"featured_media":60281,"comment_status":"closed","ping_status":"closed","sticky":false,"template":"","format":"standard","meta":{"footnotes":""},"categories":[3],"tags":[],"class_list":["post-4361","post","type-post","status-publish","format-standard","has-post-thumbnail","hentry","category-noticias"],"_links":{"self":[{"href":"https:\/\/vicerrectorias.utp.edu.co\/responsabilidad-social\/wp-json\/wp\/v2\/posts\/4361","targetHints":{"allow":["GET"]}}],"collection":[{"href":"https:\/\/vicerrectorias.utp.edu.co\/responsabilidad-social\/wp-json\/wp\/v2\/posts"}],"about":[{"href":"https:\/\/vicerrectorias.utp.edu.co\/responsabilidad-social\/wp-json\/wp\/v2\/types\/post"}],"replies":[{"embeddable":true,"href":"https:\/\/vicerrectorias.utp.edu.co\/responsabilidad-social\/wp-json\/wp\/v2\/comments?post=4361"}],"version-history":[{"count":2,"href":"https:\/\/vicerrectorias.utp.edu.co\/responsabilidad-social\/wp-json\/wp\/v2\/posts\/4361\/revisions"}],"predecessor-version":[{"id":61133,"href":"https:\/\/vicerrectorias.utp.edu.co\/responsabilidad-social\/wp-json\/wp\/v2\/posts\/4361\/revisions\/61133"}],"wp:featuredmedia":[{"embeddable":true,"href":"https:\/\/vicerrectorias.utp.edu.co\/responsabilidad-social\/wp-json\/wp\/v2\/media\/60281"}],"wp:attachment":[{"href":"https:\/\/vicerrectorias.utp.edu.co\/responsabilidad-social\/wp-json\/wp\/v2\/media?parent=4361"}],"wp:term":[{"taxonomy":"category","embeddable":true,"href":"https:\/\/vicerrectorias.utp.edu.co\/responsabilidad-social\/wp-json\/wp\/v2\/categories?post=4361"},{"taxonomy":"post_tag","embeddable":true,"href":"https:\/\/vicerrectorias.utp.edu.co\/responsabilidad-social\/wp-json\/wp\/v2\/tags?post=4361"}],"curies":[{"name":"wp","href":"https:\/\/api.w.org\/{rel}","templated":true}]}}