{"id":4351,"date":"2018-02-12T11:31:59","date_gmt":"2018-02-12T10:31:59","guid":{"rendered":""},"modified":"2024-08-16T08:43:44","modified_gmt":"2024-08-16T06:43:44","slug":"construccion-de-un-nuevo-modulo-en-la-utp","status":"publish","type":"post","link":"https:\/\/vicerrectorias.utp.edu.co\/responsabilidad-social\/construccion-de-un-nuevo-modulo-en-la-utp\/","title":{"rendered":"Construcci\u00f3n de un nuevo M\u00f3dulo en la UTP"},"content":{"rendered":"\n<p><span class=\"post-content__span\"> Comienza la construcci\u00f3n de un nuevo M\u00f3dulo de Estudios en la UTP<\/p>\n\n\n\n<p><span class=\"post-content__span\"> <img decoding=\"async\" src=\"https:\/\/vicerrectorias.utp.edu.co\/responsabilidad-social\/wp-content\/uploads\/sites\/12\/3D.MODULO.%20UTP.28.06.2017.48.jpg\" alt=\"\">\u00a0<img decoding=\"async\" src=\"https:\/\/vicerrectorias.utp.edu.co\/responsabilidad-social\/wp-content\/uploads\/sites\/12\/3D.MODULO.%20UTP.28.06.2017.60%20%281%29.jpg\" alt=\"\">\u00a0\u00a0\u00a0<\/p>\n\n\n\n<p><span class=\"post-content__span\"> Desde este lunes 12 de febrero, con las labores de cerramiento y se\u00f1alizaci\u00f3n, se da inicio a la construcci\u00f3n de un nuevo M\u00f3dulo de Estudios en la Universidad Tecnol\u00f3gica de Pereira, ubicado entre los Bloques 8, Edificio de Aguas y 9 Biblioteca Jorge Roa Mart\u00ednez,\u00a0contiguo al cafet\u00edn existente de la biblioteca.<\/p>\n\n\n\n<p><span class=\"post-content__span\"> Esta nueva obra forma parte del proceso de Gesti\u00f3n Estrat\u00e9gica del Campus que lidera la Unidad Organizacional de Planeaci\u00f3n y se integra a los desarrollos de diferentes proyectos tendientes a integrar, organizar&nbsp;y potencializar el uso de las \u00e1reas del campus, para el mejoramiento de las condiciones espaciales de la comunidad universitaria.<\/p>\n\n\n\n<p><span class=\"post-content__span\"> El M\u00f3dulo de Estudios estar\u00e1 conformado por tres zonas cubiertas y en su construcci\u00f3n se utilizar\u00e1n elementos estructurales met\u00e1licos, que impactar\u00e1n el entorno de manera org\u00e1nica y natural.<\/p>\n\n\n\n<p><span class=\"post-content__span\"> Para facilitar y garantizar la seguridad de la comunidad universitaria, se recomienda transitar por los senderos peatonales y acatar las diferentes se\u00f1ales instaladas con ocasi\u00f3n de los trabajos.<\/p>\n\n\n\n<p><span class=\"post-content__span\"> Este se convierte en el cuarto M\u00f3dulo de Estudios con el que cuenta la UTP.<\/p>\n\n\n\n<p><span class=\"post-content__span\"> De antemano, la Unidad Organizacional de Planeaci\u00f3n agradecemos la comprensi\u00f3n y colaboraci\u00f3n de los usuarios que se puedan ver afectados con estas obras.<\/p>\n","protected":false},"excerpt":{"rendered":"<p>Comienza la construcci\u00f3n de un nuevo M\u00f3dulo de Estudios en la UTP \u00a0\u00a0\u00a0\u00a0 Desde este lunes 12 de febrero, con [&hellip;]<\/p>\n","protected":false},"author":0,"featured_media":60280,"comment_status":"closed","ping_status":"closed","sticky":false,"template":"","format":"standard","meta":{"footnotes":""},"categories":[3],"tags":[],"class_list":["post-4351","post","type-post","status-publish","format-standard","has-post-thumbnail","hentry","category-noticias"],"_links":{"self":[{"href":"https:\/\/vicerrectorias.utp.edu.co\/responsabilidad-social\/wp-json\/wp\/v2\/posts\/4351","targetHints":{"allow":["GET"]}}],"collection":[{"href":"https:\/\/vicerrectorias.utp.edu.co\/responsabilidad-social\/wp-json\/wp\/v2\/posts"}],"about":[{"href":"https:\/\/vicerrectorias.utp.edu.co\/responsabilidad-social\/wp-json\/wp\/v2\/types\/post"}],"replies":[{"embeddable":true,"href":"https:\/\/vicerrectorias.utp.edu.co\/responsabilidad-social\/wp-json\/wp\/v2\/comments?post=4351"}],"version-history":[{"count":2,"href":"https:\/\/vicerrectorias.utp.edu.co\/responsabilidad-social\/wp-json\/wp\/v2\/posts\/4351\/revisions"}],"predecessor-version":[{"id":60879,"href":"https:\/\/vicerrectorias.utp.edu.co\/responsabilidad-social\/wp-json\/wp\/v2\/posts\/4351\/revisions\/60879"}],"wp:featuredmedia":[{"embeddable":true,"href":"https:\/\/vicerrectorias.utp.edu.co\/responsabilidad-social\/wp-json\/wp\/v2\/media\/60280"}],"wp:attachment":[{"href":"https:\/\/vicerrectorias.utp.edu.co\/responsabilidad-social\/wp-json\/wp\/v2\/media?parent=4351"}],"wp:term":[{"taxonomy":"category","embeddable":true,"href":"https:\/\/vicerrectorias.utp.edu.co\/responsabilidad-social\/wp-json\/wp\/v2\/categories?post=4351"},{"taxonomy":"post_tag","embeddable":true,"href":"https:\/\/vicerrectorias.utp.edu.co\/responsabilidad-social\/wp-json\/wp\/v2\/tags?post=4351"}],"curies":[{"name":"wp","href":"https:\/\/api.w.org\/{rel}","templated":true}]}}