{"id":4321,"date":"2018-02-06T11:18:30","date_gmt":"2018-02-06T10:18:30","guid":{"rendered":""},"modified":"2024-08-15T15:52:44","modified_gmt":"2024-08-15T13:52:44","slug":"nuevo-representante-consejo-superior","status":"publish","type":"post","link":"https:\/\/vicerrectorias.utp.edu.co\/responsabilidad-social\/nuevo-representante-consejo-superior\/","title":{"rendered":"Nuevo representante Consejo Superior"},"content":{"rendered":"\n<p><span class=\"post-content__span\"> Nuevo representante del Presidente de la Rep\u00fablica ante el Consejo Superior<\/p>\n\n\n\n<figure class=\"wp-block-image\"><img decoding=\"async\" src=\"https:\/\/vicerrectorias.utp.edu.co\/responsabilidad-social\/wp-content\/uploads\/sites\/12\/513A2253.JPG\" alt=\"\"\/><\/figure>\n\n\n\n<figure class=\"wp-block-image\"><img decoding=\"async\" src=\"https:\/\/vicerrectorias.utp.edu.co\/responsabilidad-social\/wp-content\/uploads\/sites\/12\/6-febrero-posesion.png\" alt=\"\"\/><\/figure>\n\n\n\n<p><span class=\"post-content__span\"> Hoy martes 06 de febrero se realiz\u00f3 durante sesi\u00f3n del Consejo Superior Universitario UTP, la posesi\u00f3n del doctor Daniel Arango \u00c1ngel, como representante del Presidente de la Rep\u00fablica ante este importante estamento institucional.<\/p>\n\n\n\n<p><span class=\"post-content__span\"> Daniel Arango \u00c1ngel, es el actual Viceministro de Desarrollo Empresarial, dentro de su formaci\u00f3n acad\u00e9mica, se destaca como: Administrador de Negocios de la Universidad Eafit, con estudios en Comercio Internacional de la Universidad Sup de Co de Montpellier, adem\u00e1s, Especialista y Mag\u00edster en Administraci\u00f3n de Empresas de la Universidad Eafit.<\/p>\n\n\n\n<p><span class=\"post-content__span\"> Adem\u00e1s participante del programa de Alta Direcci\u00f3n Ejecutiva del Inalde, de la Universidad de la Sabana.<\/p>\n","protected":false},"excerpt":{"rendered":"<p>Nuevo representante del Presidente de la Rep\u00fablica ante el Consejo Superior Hoy martes 06 de febrero se realiz\u00f3 durante sesi\u00f3n [&hellip;]<\/p>\n","protected":false},"author":0,"featured_media":60277,"comment_status":"closed","ping_status":"closed","sticky":false,"template":"","format":"standard","meta":{"footnotes":""},"categories":[3],"tags":[],"class_list":["post-4321","post","type-post","status-publish","format-standard","has-post-thumbnail","hentry","category-noticias"],"_links":{"self":[{"href":"https:\/\/vicerrectorias.utp.edu.co\/responsabilidad-social\/wp-json\/wp\/v2\/posts\/4321","targetHints":{"allow":["GET"]}}],"collection":[{"href":"https:\/\/vicerrectorias.utp.edu.co\/responsabilidad-social\/wp-json\/wp\/v2\/posts"}],"about":[{"href":"https:\/\/vicerrectorias.utp.edu.co\/responsabilidad-social\/wp-json\/wp\/v2\/types\/post"}],"replies":[{"embeddable":true,"href":"https:\/\/vicerrectorias.utp.edu.co\/responsabilidad-social\/wp-json\/wp\/v2\/comments?post=4321"}],"version-history":[{"count":1,"href":"https:\/\/vicerrectorias.utp.edu.co\/responsabilidad-social\/wp-json\/wp\/v2\/posts\/4321\/revisions"}],"predecessor-version":[{"id":9192,"href":"https:\/\/vicerrectorias.utp.edu.co\/responsabilidad-social\/wp-json\/wp\/v2\/posts\/4321\/revisions\/9192"}],"wp:featuredmedia":[{"embeddable":true,"href":"https:\/\/vicerrectorias.utp.edu.co\/responsabilidad-social\/wp-json\/wp\/v2\/media\/60277"}],"wp:attachment":[{"href":"https:\/\/vicerrectorias.utp.edu.co\/responsabilidad-social\/wp-json\/wp\/v2\/media?parent=4321"}],"wp:term":[{"taxonomy":"category","embeddable":true,"href":"https:\/\/vicerrectorias.utp.edu.co\/responsabilidad-social\/wp-json\/wp\/v2\/categories?post=4321"},{"taxonomy":"post_tag","embeddable":true,"href":"https:\/\/vicerrectorias.utp.edu.co\/responsabilidad-social\/wp-json\/wp\/v2\/tags?post=4321"}],"curies":[{"name":"wp","href":"https:\/\/api.w.org\/{rel}","templated":true}]}}