{"id":4311,"date":"2018-02-05T10:32:54","date_gmt":"2018-02-05T09:32:54","guid":{"rendered":""},"modified":"2024-08-20T10:59:10","modified_gmt":"2024-08-20T08:59:10","slug":"plan-movilidad-peatonal-en-la-utp","status":"publish","type":"post","link":"https:\/\/vicerrectorias.utp.edu.co\/responsabilidad-social\/plan-movilidad-peatonal-en-la-utp\/","title":{"rendered":"Plan Movilidad Peatonal en la UTP"},"content":{"rendered":"\n<p><span class=\"post-content__span\"> Con&nbsp;motivo&nbsp;de&nbsp;la construcci\u00f3n&nbsp;del t\u00fanel peatonal que conecta el&nbsp;Campus general con el &nbsp;Edificio 15 (CIDT y Formaci\u00f3n Avanzada), la Unidad Organizacional de Planeaci\u00f3n invita a toda la comunidad universitaria usuaria a seguir las disposiciones establecidas en el&nbsp;&nbsp;<strong>Plan de Movilidad obra t\u00fanel peatonal UTP<\/strong>&nbsp;as\u00ed:<\/p>\n\n\n\n<ul class=\"wp-block-list\">\n<li>Para usuarios del servicio de transporte p\u00fablico, se sugiere utilizar los paraderos de buses autorizados y debidamente demarcados en el campus,\u00a0dispuestos\u00a0sobre la carrera 30,\u00a0frente al Edificio 14 (Facultad de Ciencias de la Salud) en sentido Pereira-Mundo Nuevo; o frente al\u00a0Edificio 10 (Facultad de Ciencias Ambientales)\u00a0 en el sentido Mundo Nuevo &#8211; Pereira, sitios en que se debe\u00a0abordar o descender de los autobuses.\u00a0<\/li>\n<\/ul>\n\n\n\n<ul class=\"wp-block-list\">\n<li>El puente\u00a0peatonal\u00a0que conecta con el Edificio 15\u00a0(CIDT y Formaci\u00f3n Avanzada), est\u00e1 en funcionamiento con acceso hacia la\u00a0Entrada A (Porter\u00eda Principal)\u00a0y hacia la\u00a0Entrada B (Porter\u00eda de El\u00e9ctrica) tambi\u00e9n\u00a0habilitada para el acceso peatonal.<\/li>\n<\/ul>\n\n\n\n<ul class=\"wp-block-list\">\n<li>La puerta hacia el Edificio 9 (Biblioteca y Auditorio Jorge Roa Mart\u00ednez), estar\u00e1\u00a0cerrada temporalmente, en su lugar se habilitar\u00e1 el acceso peatonal por la puerta del Edificio 10 (Facultad de Ciencias Ambientales)\u00a0sobre la carrera 30\u00a0(V\u00eda a Mundo Nuevo).<\/li>\n<\/ul>\n\n\n\n<ul class=\"wp-block-list\">\n<li>Los taxis libres estar\u00e1n ubicados en la bah\u00eda situada en el parqueadero externo\u00a0del Edificio 5 (Facultad de Ingenier\u00eda Industrial).<\/li>\n<\/ul>\n\n\n\n<p><span class=\"post-content__span\"> Sugerimos que se acaten las diferentes se\u00f1ales instaladas con ocasi\u00f3n de las obras de construcci\u00f3n.&nbsp;<\/p>\n\n\n\n<p><span class=\"post-content__span\"> Se invita a la comunidad universitaria a consultar los boletines que peri\u00f3dicamente se est\u00e1n publicando en la pagina web de la Universidad.&nbsp;<\/p>\n\n\n\n<p><span class=\"post-content__span\"> Nuevamente, agradecemos la comprensi\u00f3n y colaboraci\u00f3n de los usuarios que se puedan ver afectados.<\/p>\n\n\n\n<figure class=\"wp-block-image\"><img decoding=\"async\" src=\"https:\/\/comunicaciones.utp.edu.co\/wp-content\/uploads\/sites\/2\/Captura-de-pantalla-2018-01-22-a-la-s-3-35-42-p-m-.png\" alt=\"\"\/><\/figure>\n","protected":false},"excerpt":{"rendered":"<p>Con&nbsp;motivo&nbsp;de&nbsp;la construcci\u00f3n&nbsp;del t\u00fanel peatonal que conecta el&nbsp;Campus general con el &nbsp;Edificio 15 (CIDT y Formaci\u00f3n Avanzada), la Unidad Organizacional de [&hellip;]<\/p>\n","protected":false},"author":0,"featured_media":60276,"comment_status":"closed","ping_status":"closed","sticky":false,"template":"","format":"standard","meta":{"footnotes":""},"categories":[3],"tags":[],"class_list":["post-4311","post","type-post","status-publish","format-standard","has-post-thumbnail","hentry","category-noticias"],"_links":{"self":[{"href":"https:\/\/vicerrectorias.utp.edu.co\/responsabilidad-social\/wp-json\/wp\/v2\/posts\/4311","targetHints":{"allow":["GET"]}}],"collection":[{"href":"https:\/\/vicerrectorias.utp.edu.co\/responsabilidad-social\/wp-json\/wp\/v2\/posts"}],"about":[{"href":"https:\/\/vicerrectorias.utp.edu.co\/responsabilidad-social\/wp-json\/wp\/v2\/types\/post"}],"replies":[{"embeddable":true,"href":"https:\/\/vicerrectorias.utp.edu.co\/responsabilidad-social\/wp-json\/wp\/v2\/comments?post=4311"}],"version-history":[{"count":2,"href":"https:\/\/vicerrectorias.utp.edu.co\/responsabilidad-social\/wp-json\/wp\/v2\/posts\/4311\/revisions"}],"predecessor-version":[{"id":61227,"href":"https:\/\/vicerrectorias.utp.edu.co\/responsabilidad-social\/wp-json\/wp\/v2\/posts\/4311\/revisions\/61227"}],"wp:featuredmedia":[{"embeddable":true,"href":"https:\/\/vicerrectorias.utp.edu.co\/responsabilidad-social\/wp-json\/wp\/v2\/media\/60276"}],"wp:attachment":[{"href":"https:\/\/vicerrectorias.utp.edu.co\/responsabilidad-social\/wp-json\/wp\/v2\/media?parent=4311"}],"wp:term":[{"taxonomy":"category","embeddable":true,"href":"https:\/\/vicerrectorias.utp.edu.co\/responsabilidad-social\/wp-json\/wp\/v2\/categories?post=4311"},{"taxonomy":"post_tag","embeddable":true,"href":"https:\/\/vicerrectorias.utp.edu.co\/responsabilidad-social\/wp-json\/wp\/v2\/tags?post=4311"}],"curies":[{"name":"wp","href":"https:\/\/api.w.org\/{rel}","templated":true}]}}