{"id":4301,"date":"2018-01-31T09:07:27","date_gmt":"2018-01-31T08:07:27","guid":{"rendered":""},"modified":"2024-08-20T08:30:27","modified_gmt":"2024-08-20T06:30:27","slug":"grados-utp-y-orquesta-sinfonica-2018","status":"publish","type":"post","link":"https:\/\/vicerrectorias.utp.edu.co\/responsabilidad-social\/grados-utp-y-orquesta-sinfonica-2018\/","title":{"rendered":"Grados UTP y Orquesta Sinfon\u00edca 2018"},"content":{"rendered":"\n<p><span class=\"post-content__span\"> As\u00ed transcurrieron los grados UTP<\/p>\n\n\n\n<p><span class=\"post-content__span\"> <img decoding=\"async\" alt=\"Grados UTP\" src=\"https:\/\/comunicaciones.utp.edu.co\/wp-content\/uploads\/sites\/2\/30-enero-grados.png\">En ceremonia especial, la Universidad Tecnol\u00f3gica de Pereira entreg\u00f3 a la sociedad 288 nuevos profesionales de diferentes programas acad\u00e9micos que ofrece la instituci\u00f3n.&nbsp;<a href=\"https:\/\/www.youtube.com\/watch?v=QKqmFw0LFco&amp;feature=youtu.be\">Vea en el siguiente clip un resumen de la ceremonia.&nbsp;<\/a><\/p>\n\n\n\n<p><span class=\"post-content__span\"> El centro de convenciones Expofuturo de la ciudad de Pereira fue el escenario para la ceremonia de grados celebrada hoy 30 de enero de 2018, lugar en que la orquesta Sinf\u00f3nica UTP tambi\u00e9n tuvo un papel importante realizado la interpretaci\u00f3n de obras magistrales que deleitaron a graduandos y familiares durante el acto.<\/p>\n\n\n\n<figure class=\"wp-block-embed is-type-video is-provider-youtube wp-block-embed-youtube wp-embed-aspect-16-9 wp-has-aspect-ratio\"><div class=\"wp-block-embed__wrapper\">\n<iframe loading=\"lazy\" title=\"Campus Clips - 288 nuevos profesionales\" width=\"500\" height=\"281\" src=\"https:\/\/www.youtube.com\/embed\/QKqmFw0LFco?feature=oembed\" frameborder=\"0\" allow=\"accelerometer; autoplay; clipboard-write; encrypted-media; gyroscope; picture-in-picture; web-share\" referrerpolicy=\"strict-origin-when-cross-origin\" allowfullscreen><\/iframe>\n<\/div><\/figure>\n\n\n\n<p><span class=\"post-content__span\"> El evento institucional cont\u00f3 con el acompa\u00f1amiento de las principales directivas, encabeza del rector, Luis Fernando Gaviria Trujillo, quien en su discurso resalt\u00f3 las calidades acad\u00e9micas de la universidad y el reto que tienen estos nuevos profesionales para con la ciudad y el pa\u00eds.<\/p>\n\n\n\n<p><span class=\"post-content__span\"> De esta manera la UTP, le apuesta al desarrollo social y econ\u00f3mico de la regi\u00f3n formando el talento humano.<\/p>\n","protected":false},"excerpt":{"rendered":"<p>As\u00ed transcurrieron los grados UTP En ceremonia especial, la Universidad Tecnol\u00f3gica de Pereira entreg\u00f3 a la sociedad 288 nuevos profesionales [&hellip;]<\/p>\n","protected":false},"author":0,"featured_media":60275,"comment_status":"closed","ping_status":"closed","sticky":false,"template":"","format":"standard","meta":{"footnotes":""},"categories":[3],"tags":[],"class_list":["post-4301","post","type-post","status-publish","format-standard","has-post-thumbnail","hentry","category-noticias"],"_links":{"self":[{"href":"https:\/\/vicerrectorias.utp.edu.co\/responsabilidad-social\/wp-json\/wp\/v2\/posts\/4301","targetHints":{"allow":["GET"]}}],"collection":[{"href":"https:\/\/vicerrectorias.utp.edu.co\/responsabilidad-social\/wp-json\/wp\/v2\/posts"}],"about":[{"href":"https:\/\/vicerrectorias.utp.edu.co\/responsabilidad-social\/wp-json\/wp\/v2\/types\/post"}],"replies":[{"embeddable":true,"href":"https:\/\/vicerrectorias.utp.edu.co\/responsabilidad-social\/wp-json\/wp\/v2\/comments?post=4301"}],"version-history":[{"count":3,"href":"https:\/\/vicerrectorias.utp.edu.co\/responsabilidad-social\/wp-json\/wp\/v2\/posts\/4301\/revisions"}],"predecessor-version":[{"id":61097,"href":"https:\/\/vicerrectorias.utp.edu.co\/responsabilidad-social\/wp-json\/wp\/v2\/posts\/4301\/revisions\/61097"}],"wp:featuredmedia":[{"embeddable":true,"href":"https:\/\/vicerrectorias.utp.edu.co\/responsabilidad-social\/wp-json\/wp\/v2\/media\/60275"}],"wp:attachment":[{"href":"https:\/\/vicerrectorias.utp.edu.co\/responsabilidad-social\/wp-json\/wp\/v2\/media?parent=4301"}],"wp:term":[{"taxonomy":"category","embeddable":true,"href":"https:\/\/vicerrectorias.utp.edu.co\/responsabilidad-social\/wp-json\/wp\/v2\/categories?post=4301"},{"taxonomy":"post_tag","embeddable":true,"href":"https:\/\/vicerrectorias.utp.edu.co\/responsabilidad-social\/wp-json\/wp\/v2\/tags?post=4301"}],"curies":[{"name":"wp","href":"https:\/\/api.w.org\/{rel}","templated":true}]}}