{"id":4291,"date":"2018-01-29T09:26:13","date_gmt":"2018-01-29T08:26:13","guid":{"rendered":""},"modified":"2024-08-15T15:48:13","modified_gmt":"2024-08-15T13:48:13","slug":"campeones-utp-reciben-reconocimiento","status":"publish","type":"post","link":"https:\/\/vicerrectorias.utp.edu.co\/responsabilidad-social\/campeones-utp-reciben-reconocimiento\/","title":{"rendered":"Campeones UTP, reciben reconocimiento"},"content":{"rendered":"\n<p><span class=\"post-content__span\"> Campeones UTP, reciben reconocimiento<\/p>\n\n\n\n<p><span class=\"post-content__span\"> <img decoding=\"async\" src=\"https:\/\/comunicaciones.utp.edu.co\/wp-content\/uploads\/sites\/2\/25-enero-equipo-de-futbol.jpg\" alt=\"Campeones UTP, reciben reconocimiento\"><\/p>\n\n\n\n<p><span class=\"post-content__span\"> Los campeones de la Copa Ciudad Pereira recibieron por parte del cuerpo directivo institucional, en cabeza del rector, Luis Fernando Gaviria Trujillo, un reconocimiento especial por su destacada participaci\u00f3n en el certamen futbol\u00edstico m\u00e1s importante de la Ciudad.<\/p>\n\n\n\n<p><span class=\"post-content__span\"> En el acto de reconocimiento institucional se entreg\u00f3 a los deportistas, la resoluci\u00f3n No. 670 del 23 de enero de 2018 mediante la cual se exalt\u00f3 el excelente desempe\u00f1o de cada uno de los universitarios, quienes participaron con un papel decisivo en la b\u00fasqueda del importante logro; por otro lado se realiz\u00f3 un homenaje p\u00f3stumo al fundador, director y tambi\u00e9n, distinguido egresado del Alma Mater, Juan Augusto Ram\u00edrez Gonz\u00e1lez.&nbsp;<\/p>\n\n\n\n<p><span class=\"post-content__span\"> Es as\u00ed, como luego de coronarse campe\u00f3n de la 35\u00b0 Copa Ciudad Pereira, el onceno UTP ha recibido diversos elogios por parte de profesionales y expertos, quienes califican al equipo&nbsp;<strong>UTP Boca Junior como una promesa del f\u00fatbol colombiano.<\/strong><\/p>\n\n\n\n<p><span class=\"post-content__span\"> Los antecedentes para la conformaci\u00f3n del equipo de glorias deportivas, inici\u00f3 el 17 diciembre del 2016, cuando el rector de la Universidad Tecnol\u00f3gica de Pereira, Luis Fernando Gaviria Trujillo y el docente especialista, H\u00e9ctor Fabio Ospina C\u00e1rdenas, se reunieron para dar origen al proyecto \u201cLaboratorio de F\u00fatbol UTP\u00bb,&nbsp; el cual inici\u00f3 en enero del 2017 y est\u00e1 compuesto por cuatro \u00e1reas de la instituci\u00f3n: semillero de f\u00fatbol UTP, dos grupos de investigaci\u00f3n,&nbsp; asignaturas que realizan pr\u00e1cticas y estudios en el laboratorio y equipos Selectivos de f\u00fatbol de la UTP.<\/p>\n\n\n\n<p><span class=\"post-content__span\"> De esta manera la UTP brilla no solo por su calidad acad\u00e9mica, sino tambi\u00e9n por sus destacados logros deportivos.&nbsp;<\/p>\n","protected":false},"excerpt":{"rendered":"<p>Campeones UTP, reciben reconocimiento Los campeones de la Copa Ciudad Pereira recibieron por parte del cuerpo directivo institucional, en cabeza [&hellip;]<\/p>\n","protected":false},"author":0,"featured_media":60274,"comment_status":"closed","ping_status":"closed","sticky":false,"template":"","format":"standard","meta":{"footnotes":""},"categories":[3],"tags":[],"class_list":["post-4291","post","type-post","status-publish","format-standard","has-post-thumbnail","hentry","category-noticias"],"_links":{"self":[{"href":"https:\/\/vicerrectorias.utp.edu.co\/responsabilidad-social\/wp-json\/wp\/v2\/posts\/4291","targetHints":{"allow":["GET"]}}],"collection":[{"href":"https:\/\/vicerrectorias.utp.edu.co\/responsabilidad-social\/wp-json\/wp\/v2\/posts"}],"about":[{"href":"https:\/\/vicerrectorias.utp.edu.co\/responsabilidad-social\/wp-json\/wp\/v2\/types\/post"}],"replies":[{"embeddable":true,"href":"https:\/\/vicerrectorias.utp.edu.co\/responsabilidad-social\/wp-json\/wp\/v2\/comments?post=4291"}],"version-history":[{"count":3,"href":"https:\/\/vicerrectorias.utp.edu.co\/responsabilidad-social\/wp-json\/wp\/v2\/posts\/4291\/revisions"}],"predecessor-version":[{"id":9195,"href":"https:\/\/vicerrectorias.utp.edu.co\/responsabilidad-social\/wp-json\/wp\/v2\/posts\/4291\/revisions\/9195"}],"wp:featuredmedia":[{"embeddable":true,"href":"https:\/\/vicerrectorias.utp.edu.co\/responsabilidad-social\/wp-json\/wp\/v2\/media\/60274"}],"wp:attachment":[{"href":"https:\/\/vicerrectorias.utp.edu.co\/responsabilidad-social\/wp-json\/wp\/v2\/media?parent=4291"}],"wp:term":[{"taxonomy":"category","embeddable":true,"href":"https:\/\/vicerrectorias.utp.edu.co\/responsabilidad-social\/wp-json\/wp\/v2\/categories?post=4291"},{"taxonomy":"post_tag","embeddable":true,"href":"https:\/\/vicerrectorias.utp.edu.co\/responsabilidad-social\/wp-json\/wp\/v2\/tags?post=4291"}],"curies":[{"name":"wp","href":"https:\/\/api.w.org\/{rel}","templated":true}]}}