{"id":4261,"date":"2018-01-24T09:01:40","date_gmt":"2018-01-24T08:01:40","guid":{"rendered":""},"modified":"2024-08-15T15:52:45","modified_gmt":"2024-08-15T13:52:45","slug":"bienvenidos-a-la-utp-2018-1","status":"publish","type":"post","link":"https:\/\/vicerrectorias.utp.edu.co\/responsabilidad-social\/bienvenidos-a-la-utp-2018-1\/","title":{"rendered":"Bienvenidos a la UTP 2018-1"},"content":{"rendered":"\n<p><span class=\"post-content__span\"> Bienvenidos a la UTP<\/p>\n\n\n\n<p><span class=\"post-content__span\"> La Universidad Tecnol\u00f3gica de Pereira dio la bienvenida a los estudiantes que a partir del mes de enero del 2018, son parte de la comunidad acad\u00e9mica UTP.<\/p>\n\n\n\n<p><span class=\"post-content__span\"> En el acto se present\u00f3 el cuerpo directivo institucional en cabeza del se\u00f1or Rector, Luis Fernando Gaviria Trujillo, quien en su discurso hizo referencia a las oportunidades que tienen los nuevos estudiantes en la instituci\u00f3n.<\/p>\n\n\n\n<p><span class=\"post-content__span\"> <span>Esta jornada es el inicio de las actividades que se realizar\u00e1n en la semana de adaptaci\u00f3n Universitaria que orienta la Vicerrector\u00eda de Responsabilidad Social y Bienestar Universitario con la participaci\u00f3n de todos los programas acad\u00e9micos y las dependencias que tienen relaci\u00f3n directa con los estudiantes.<\/span><\/p>\n\n\n\n<p><span class=\"post-content__span\"> <span>La programaci\u00f3n incluye entre otras actividades, una valoraci\u00f3n de las condiciones de salud, las pruebas de lectoescritura y matem\u00e1ticas, la presentaci\u00f3n de los servicios de la Vicerrector\u00eda de Responsabilidad Social, del Instituto de Lenguas Extranjeras ILEX, de la Biblioteca Jorge Roa y los servicios inform\u00e1ticos, entre otros.<\/span><\/p>\n\n\n\n<figure class=\"wp-block-image\"><img decoding=\"async\" src=\"https:\/\/vicerrectorias.utp.edu.co\/responsabilidad-social\/wp-content\/uploads\/sites\/12\/513A1060.JPG\" alt=\"\"\/><\/figure>\n\n\n\n<figure class=\"wp-block-image\"><img decoding=\"async\" src=\"https:\/\/vicerrectorias.utp.edu.co\/responsabilidad-social\/wp-content\/uploads\/sites\/12\/513A1056.JPG\" alt=\"\"\/><\/figure>\n\n\n\n<figure class=\"wp-block-image\"><img decoding=\"async\" src=\"https:\/\/vicerrectorias.utp.edu.co\/responsabilidad-social\/wp-content\/uploads\/sites\/12\/513A1116.JPG\" alt=\"\"\/><\/figure>\n","protected":false},"excerpt":{"rendered":"<p>Bienvenidos a la UTP La Universidad Tecnol\u00f3gica de Pereira dio la bienvenida a los estudiantes que a partir del mes [&hellip;]<\/p>\n","protected":false},"author":0,"featured_media":60271,"comment_status":"closed","ping_status":"closed","sticky":false,"template":"","format":"standard","meta":{"footnotes":""},"categories":[3],"tags":[],"class_list":["post-4261","post","type-post","status-publish","format-standard","has-post-thumbnail","hentry","category-noticias"],"_links":{"self":[{"href":"https:\/\/vicerrectorias.utp.edu.co\/responsabilidad-social\/wp-json\/wp\/v2\/posts\/4261","targetHints":{"allow":["GET"]}}],"collection":[{"href":"https:\/\/vicerrectorias.utp.edu.co\/responsabilidad-social\/wp-json\/wp\/v2\/posts"}],"about":[{"href":"https:\/\/vicerrectorias.utp.edu.co\/responsabilidad-social\/wp-json\/wp\/v2\/types\/post"}],"replies":[{"embeddable":true,"href":"https:\/\/vicerrectorias.utp.edu.co\/responsabilidad-social\/wp-json\/wp\/v2\/comments?post=4261"}],"version-history":[{"count":1,"href":"https:\/\/vicerrectorias.utp.edu.co\/responsabilidad-social\/wp-json\/wp\/v2\/posts\/4261\/revisions"}],"predecessor-version":[{"id":9198,"href":"https:\/\/vicerrectorias.utp.edu.co\/responsabilidad-social\/wp-json\/wp\/v2\/posts\/4261\/revisions\/9198"}],"wp:featuredmedia":[{"embeddable":true,"href":"https:\/\/vicerrectorias.utp.edu.co\/responsabilidad-social\/wp-json\/wp\/v2\/media\/60271"}],"wp:attachment":[{"href":"https:\/\/vicerrectorias.utp.edu.co\/responsabilidad-social\/wp-json\/wp\/v2\/media?parent=4261"}],"wp:term":[{"taxonomy":"category","embeddable":true,"href":"https:\/\/vicerrectorias.utp.edu.co\/responsabilidad-social\/wp-json\/wp\/v2\/categories?post=4261"},{"taxonomy":"post_tag","embeddable":true,"href":"https:\/\/vicerrectorias.utp.edu.co\/responsabilidad-social\/wp-json\/wp\/v2\/tags?post=4261"}],"curies":[{"name":"wp","href":"https:\/\/api.w.org\/{rel}","templated":true}]}}