{"id":4221,"date":"2017-12-07T11:24:54","date_gmt":"2017-12-07T10:24:54","guid":{"rendered":""},"modified":"2024-08-16T08:47:40","modified_gmt":"2024-08-16T06:47:40","slug":"continua-celebrando-el-dia-de-la-luz","status":"publish","type":"post","link":"https:\/\/vicerrectorias.utp.edu.co\/responsabilidad-social\/continua-celebrando-el-dia-de-la-luz\/","title":{"rendered":"Contin\u00faa celebrando el D\u00eda de la Luz"},"content":{"rendered":"\n<p><span class=\"post-content__span\"> Contin\u00faa celebrando el D\u00eda de la Luz<\/p>\n\n\n\n<p><span class=\"post-content__span\"> El pr\u00f3ximo martes 12 de diciembre, contin\u00faa la celebraci\u00f3n del D\u00eda de la Luz y la Familia en la UTP. \u00a1Los esperamos!<\/p>\n\n\n\n<figure class=\"wp-block-image\"><img decoding=\"async\" src=\"https:\/\/comunicaciones.utp.edu.co\/wp-content\/uploads\/sites\/2\/Continua-Dia-de-la-Luz.jpg\" alt=\"\"\/><\/figure>\n","protected":false},"excerpt":{"rendered":"<p>Contin\u00faa celebrando el D\u00eda de la Luz El pr\u00f3ximo martes 12 de diciembre, contin\u00faa la celebraci\u00f3n del D\u00eda de la [&hellip;]<\/p>\n","protected":false},"author":0,"featured_media":60266,"comment_status":"closed","ping_status":"closed","sticky":false,"template":"","format":"standard","meta":{"footnotes":""},"categories":[3],"tags":[],"class_list":["post-4221","post","type-post","status-publish","format-standard","has-post-thumbnail","hentry","category-noticias"],"_links":{"self":[{"href":"https:\/\/vicerrectorias.utp.edu.co\/responsabilidad-social\/wp-json\/wp\/v2\/posts\/4221","targetHints":{"allow":["GET"]}}],"collection":[{"href":"https:\/\/vicerrectorias.utp.edu.co\/responsabilidad-social\/wp-json\/wp\/v2\/posts"}],"about":[{"href":"https:\/\/vicerrectorias.utp.edu.co\/responsabilidad-social\/wp-json\/wp\/v2\/types\/post"}],"replies":[{"embeddable":true,"href":"https:\/\/vicerrectorias.utp.edu.co\/responsabilidad-social\/wp-json\/wp\/v2\/comments?post=4221"}],"version-history":[{"count":2,"href":"https:\/\/vicerrectorias.utp.edu.co\/responsabilidad-social\/wp-json\/wp\/v2\/posts\/4221\/revisions"}],"predecessor-version":[{"id":60881,"href":"https:\/\/vicerrectorias.utp.edu.co\/responsabilidad-social\/wp-json\/wp\/v2\/posts\/4221\/revisions\/60881"}],"wp:featuredmedia":[{"embeddable":true,"href":"https:\/\/vicerrectorias.utp.edu.co\/responsabilidad-social\/wp-json\/wp\/v2\/media\/60266"}],"wp:attachment":[{"href":"https:\/\/vicerrectorias.utp.edu.co\/responsabilidad-social\/wp-json\/wp\/v2\/media?parent=4221"}],"wp:term":[{"taxonomy":"category","embeddable":true,"href":"https:\/\/vicerrectorias.utp.edu.co\/responsabilidad-social\/wp-json\/wp\/v2\/categories?post=4221"},{"taxonomy":"post_tag","embeddable":true,"href":"https:\/\/vicerrectorias.utp.edu.co\/responsabilidad-social\/wp-json\/wp\/v2\/tags?post=4221"}],"curies":[{"name":"wp","href":"https:\/\/api.w.org\/{rel}","templated":true}]}}