{"id":4191,"date":"2017-11-21T10:30:33","date_gmt":"2017-11-21T09:30:33","guid":{"rendered":""},"modified":"2024-08-15T15:52:45","modified_gmt":"2024-08-15T13:52:45","slug":"transmision-via-streaming-imposicion-de-escudos-17","status":"publish","type":"post","link":"https:\/\/vicerrectorias.utp.edu.co\/responsabilidad-social\/transmision-via-streaming-imposicion-de-escudos-17\/","title":{"rendered":"Transmisi\u00f3n v\u00eda streaming Imposici\u00f3n de Escudos 17"},"content":{"rendered":"\n<div>\n<p><span class=\"post-content__span\"> Transmisi\u00f3n v\u00eda streaming Ceremonia de Imposici\u00f3n de Escudos 2017<\/p>\n<\/div>\n\n\n\n<div>\n<div>\n<div>&nbsp;<\/div>\n<\/div>\n<div>\n<div>\n<p><span class=\"post-content__span\"> Gesti\u00f3n del Talento Humano informa que la Ceremonia de&nbsp;Imposici\u00f3n&nbsp;de Escudos ser\u00e1 transmitida hoy 21 de noviembre a partir de las&nbsp; 4:00 p.m. v\u00eda streaming en el siguiente enlace&nbsp;<a href=\"https:\/\/online.utp.edu.co\/\" target=\"_blank\" rel=\"noopener noreferrer\">https:\/\/online.utp.edu.co\/<\/a><\/p>\n<\/div>\n<\/div>\n<\/div>\n","protected":false},"excerpt":{"rendered":"<p>Transmisi\u00f3n v\u00eda streaming Ceremonia de Imposici\u00f3n de Escudos 2017 &nbsp; Gesti\u00f3n del Talento Humano informa que la Ceremonia de&nbsp;Imposici\u00f3n&nbsp;de Escudos [&hellip;]<\/p>\n","protected":false},"author":0,"featured_media":60263,"comment_status":"closed","ping_status":"closed","sticky":false,"template":"","format":"standard","meta":{"footnotes":""},"categories":[3],"tags":[],"class_list":["post-4191","post","type-post","status-publish","format-standard","has-post-thumbnail","hentry","category-noticias"],"_links":{"self":[{"href":"https:\/\/vicerrectorias.utp.edu.co\/responsabilidad-social\/wp-json\/wp\/v2\/posts\/4191","targetHints":{"allow":["GET"]}}],"collection":[{"href":"https:\/\/vicerrectorias.utp.edu.co\/responsabilidad-social\/wp-json\/wp\/v2\/posts"}],"about":[{"href":"https:\/\/vicerrectorias.utp.edu.co\/responsabilidad-social\/wp-json\/wp\/v2\/types\/post"}],"replies":[{"embeddable":true,"href":"https:\/\/vicerrectorias.utp.edu.co\/responsabilidad-social\/wp-json\/wp\/v2\/comments?post=4191"}],"version-history":[{"count":1,"href":"https:\/\/vicerrectorias.utp.edu.co\/responsabilidad-social\/wp-json\/wp\/v2\/posts\/4191\/revisions"}],"predecessor-version":[{"id":9205,"href":"https:\/\/vicerrectorias.utp.edu.co\/responsabilidad-social\/wp-json\/wp\/v2\/posts\/4191\/revisions\/9205"}],"wp:featuredmedia":[{"embeddable":true,"href":"https:\/\/vicerrectorias.utp.edu.co\/responsabilidad-social\/wp-json\/wp\/v2\/media\/60263"}],"wp:attachment":[{"href":"https:\/\/vicerrectorias.utp.edu.co\/responsabilidad-social\/wp-json\/wp\/v2\/media?parent=4191"}],"wp:term":[{"taxonomy":"category","embeddable":true,"href":"https:\/\/vicerrectorias.utp.edu.co\/responsabilidad-social\/wp-json\/wp\/v2\/categories?post=4191"},{"taxonomy":"post_tag","embeddable":true,"href":"https:\/\/vicerrectorias.utp.edu.co\/responsabilidad-social\/wp-json\/wp\/v2\/tags?post=4191"}],"curies":[{"name":"wp","href":"https:\/\/api.w.org\/{rel}","templated":true}]}}