{"id":4181,"date":"2017-11-21T10:19:46","date_gmt":"2017-11-21T09:19:46","guid":{"rendered":""},"modified":"2024-08-20T10:51:11","modified_gmt":"2024-08-20T08:51:11","slug":"participa-en-el-concurso-de-pesebres-utp-2017","status":"publish","type":"post","link":"https:\/\/vicerrectorias.utp.edu.co\/responsabilidad-social\/participa-en-el-concurso-de-pesebres-utp-2017\/","title":{"rendered":"Participa en el Concurso de Pesebres UTP 2017"},"content":{"rendered":"\n<p><span class=\"post-content__span\"> Participa en el Concurso de Pesebres UTP 2017<\/p>\n\n\n\n<p><span class=\"post-content__span\"> <img decoding=\"async\" src=\"https:\/\/comunicaciones.utp.edu.co\/wp-content\/uploads\/sites\/2\/pesebre-2017.jpg\" alt=\"Participa en el Concurso de Pesebres UTP 2017\"><\/p>\n\n\n\n<p><span class=\"post-content__span\"> Te invitamos a unirte a la celebraci\u00f3n navide\u00f1a y participar en la versi\u00f3n 2017 de nuestro Concurso de Pesebres UTP.\u00a0<\/p>\n\n\n\n<figure class=\"wp-block-image\"><img decoding=\"async\" src=\"https:\/\/comunicaciones.utp.edu.co\/wp-content\/uploads\/sites\/2\/Concurso-de-pesebres-2017.jpg\" alt=\"\"\/><\/figure>\n","protected":false},"excerpt":{"rendered":"<p>Participa en el Concurso de Pesebres UTP 2017 Te invitamos a unirte a la celebraci\u00f3n navide\u00f1a y participar en la [&hellip;]<\/p>\n","protected":false},"author":0,"featured_media":60262,"comment_status":"closed","ping_status":"closed","sticky":false,"template":"","format":"standard","meta":{"footnotes":""},"categories":[3],"tags":[],"class_list":["post-4181","post","type-post","status-publish","format-standard","has-post-thumbnail","hentry","category-noticias"],"_links":{"self":[{"href":"https:\/\/vicerrectorias.utp.edu.co\/responsabilidad-social\/wp-json\/wp\/v2\/posts\/4181","targetHints":{"allow":["GET"]}}],"collection":[{"href":"https:\/\/vicerrectorias.utp.edu.co\/responsabilidad-social\/wp-json\/wp\/v2\/posts"}],"about":[{"href":"https:\/\/vicerrectorias.utp.edu.co\/responsabilidad-social\/wp-json\/wp\/v2\/types\/post"}],"replies":[{"embeddable":true,"href":"https:\/\/vicerrectorias.utp.edu.co\/responsabilidad-social\/wp-json\/wp\/v2\/comments?post=4181"}],"version-history":[{"count":3,"href":"https:\/\/vicerrectorias.utp.edu.co\/responsabilidad-social\/wp-json\/wp\/v2\/posts\/4181\/revisions"}],"predecessor-version":[{"id":61220,"href":"https:\/\/vicerrectorias.utp.edu.co\/responsabilidad-social\/wp-json\/wp\/v2\/posts\/4181\/revisions\/61220"}],"wp:featuredmedia":[{"embeddable":true,"href":"https:\/\/vicerrectorias.utp.edu.co\/responsabilidad-social\/wp-json\/wp\/v2\/media\/60262"}],"wp:attachment":[{"href":"https:\/\/vicerrectorias.utp.edu.co\/responsabilidad-social\/wp-json\/wp\/v2\/media?parent=4181"}],"wp:term":[{"taxonomy":"category","embeddable":true,"href":"https:\/\/vicerrectorias.utp.edu.co\/responsabilidad-social\/wp-json\/wp\/v2\/categories?post=4181"},{"taxonomy":"post_tag","embeddable":true,"href":"https:\/\/vicerrectorias.utp.edu.co\/responsabilidad-social\/wp-json\/wp\/v2\/tags?post=4181"}],"curies":[{"name":"wp","href":"https:\/\/api.w.org\/{rel}","templated":true}]}}