{"id":4171,"date":"2017-11-20T10:50:23","date_gmt":"2017-11-20T09:50:23","guid":{"rendered":""},"modified":"2024-08-20T08:06:19","modified_gmt":"2024-08-20T06:06:19","slug":"gala-de-apertura-de-utpmun-2017","status":"publish","type":"post","link":"https:\/\/vicerrectorias.utp.edu.co\/responsabilidad-social\/gala-de-apertura-de-utpmun-2017\/","title":{"rendered":"Gala de Apertura de UTPMUN 2017"},"content":{"rendered":"\n<p><span class=\"post-content__span\"> Invitaci\u00f3n a la Gala de Apertura de UTPMUN 2017 (modelo de Naciones Unidas de la UTP)<\/p>\n\n\n\n<p><span class=\"post-content__span\"> <img decoding=\"async\" alt=\"Invitaci\u00f3n a la Gala de Apertura de UTPMUN 2017 (modelo de Naciones Unidas de la UTP)\" src=\"https:\/\/comunicaciones.utp.edu.co\/wp-content\/uploads\/sites\/2\/imag93.jpg\">Se comparte la invitaci\u00f3n a la Gala de Apertura del Primer Modelo de Naciones Unidas de la Universidad Tecnologica de Pereira, que se llevar\u00e1 a cabo el d\u00eda 22 de noviembre del a\u00f1o en curso, un escenario de debate donde los estudiantes que participan asumen la representaci\u00f3n de un pa\u00eds y discuten acerca de problem\u00e1ticas internacionales que hacen parte de la ONU.<\/p>\n\n\n\n<p><span class=\"post-content__span\"> Este evento de estudiantes y para estudiantes, apoyado por la Vicerrectoria de Responsabilidad Social y Bienestar Universitario, se llevara a cabo en las instalaciones de la Universidad los dias 23 y 24 de Noviembre del a?o en curso y tiene como prospecto ser el espacio donde converjan los lideres politicos juveniles con conciencia global de la region.<\/p>\n\n\n\n<p><span class=\"post-content__span\"> Se anexa invitacion al evento y les solicitamos confirmar prontamente su asistencia.<\/p>\n\n\n\n<figure class=\"wp-block-image\"><img decoding=\"async\" src=\"https:\/\/comunicaciones.utp.edu.co\/wp-content\/uploads\/sites\/2\/Invitacion-UTPMUN.jpg\" alt=\"\"\/><\/figure>\n","protected":false},"excerpt":{"rendered":"<p>Invitaci\u00f3n a la Gala de Apertura de UTPMUN 2017 (modelo de Naciones Unidas de la UTP) Se comparte la invitaci\u00f3n [&hellip;]<\/p>\n","protected":false},"author":0,"featured_media":60261,"comment_status":"closed","ping_status":"closed","sticky":false,"template":"","format":"standard","meta":{"footnotes":""},"categories":[3],"tags":[],"class_list":["post-4171","post","type-post","status-publish","format-standard","has-post-thumbnail","hentry","category-noticias"],"_links":{"self":[{"href":"https:\/\/vicerrectorias.utp.edu.co\/responsabilidad-social\/wp-json\/wp\/v2\/posts\/4171","targetHints":{"allow":["GET"]}}],"collection":[{"href":"https:\/\/vicerrectorias.utp.edu.co\/responsabilidad-social\/wp-json\/wp\/v2\/posts"}],"about":[{"href":"https:\/\/vicerrectorias.utp.edu.co\/responsabilidad-social\/wp-json\/wp\/v2\/types\/post"}],"replies":[{"embeddable":true,"href":"https:\/\/vicerrectorias.utp.edu.co\/responsabilidad-social\/wp-json\/wp\/v2\/comments?post=4171"}],"version-history":[{"count":2,"href":"https:\/\/vicerrectorias.utp.edu.co\/responsabilidad-social\/wp-json\/wp\/v2\/posts\/4171\/revisions"}],"predecessor-version":[{"id":61068,"href":"https:\/\/vicerrectorias.utp.edu.co\/responsabilidad-social\/wp-json\/wp\/v2\/posts\/4171\/revisions\/61068"}],"wp:featuredmedia":[{"embeddable":true,"href":"https:\/\/vicerrectorias.utp.edu.co\/responsabilidad-social\/wp-json\/wp\/v2\/media\/60261"}],"wp:attachment":[{"href":"https:\/\/vicerrectorias.utp.edu.co\/responsabilidad-social\/wp-json\/wp\/v2\/media?parent=4171"}],"wp:term":[{"taxonomy":"category","embeddable":true,"href":"https:\/\/vicerrectorias.utp.edu.co\/responsabilidad-social\/wp-json\/wp\/v2\/categories?post=4171"},{"taxonomy":"post_tag","embeddable":true,"href":"https:\/\/vicerrectorias.utp.edu.co\/responsabilidad-social\/wp-json\/wp\/v2\/tags?post=4171"}],"curies":[{"name":"wp","href":"https:\/\/api.w.org\/{rel}","templated":true}]}}