{"id":4141,"date":"2017-11-14T18:49:54","date_gmt":"2017-11-14T17:49:54","guid":{"rendered":""},"modified":"2024-08-15T15:52:45","modified_gmt":"2024-08-15T13:52:45","slug":"primeros-auxilios-y-gestion-de-riesgo-de-desastre","status":"publish","type":"post","link":"https:\/\/vicerrectorias.utp.edu.co\/responsabilidad-social\/primeros-auxilios-y-gestion-de-riesgo-de-desastre\/","title":{"rendered":"Primeros Auxilios y Gesti\u00f3n de Riesgo de desastre"},"content":{"rendered":"\n<div>\n<p><span class=\"post-content__span\"> Con gran \u00e9xito finaliz\u00f3 el XI Curso de Primeros Auxilios y Gesti\u00f3n de Riesgo de Desastre<\/p>\n<\/div>\n\n\n\n<div>\n<div>\n<div>&nbsp;<\/div>\n<\/div>\n<div>\n<div>\n<p><span class=\"post-content__span\"> <img decoding=\"async\" alt=\"Con gran \u00e9xito finaliz\u00f3 el XI Curso de Primeros Auxilios y Gesti\u00f3n de Riesgo de Desastre\" src=\"https:\/\/comunicaciones.utp.edu.co\/wp-content\/uploads\/sites\/2\/14-noviembre-certificados.jpg\">Con el fin de que la comunidad universitaria se encuentre preparada ante cualquier emergencia que se presente dentro y fuera de la instituci\u00f3n y minimizar el impacto que se podr\u00eda generar, la UTP realiz\u00f3 el XI Curso de Primeros Auxilios y Gesti\u00f3n de Riesgo de Desastre.<\/p>\n<p><span class=\"post-content__span\"> Dicha actividad formativa cont\u00f3 con la participaci\u00f3n de estudiantes de diferentes programas acad\u00e9micos de la instituci\u00f3n, quienes se capacitaron como Primeros Respondientes en caso de emergencia, proceso articulado al Sistema de Emergencia de la Universidad.<\/p>\n<p><span class=\"post-content__span\"> Este curso fue promovido desde el \u00e1rea de Salud Integral de la Vicerrector\u00eda de Responsabilidad Social y Bienestar Universitario, con el apoyo de la Dra. Diana Patricia G\u00f3mez Botero (vicerrectora),&nbsp; Luis Alberto Rojas Franco (l\u00edder de salud integral) y el programa de Tecnolog\u00eda en Atenci\u00f3n Prehospitalaria.<\/p>\n<p><span class=\"post-content__span\"> El proceso fue dirigido por el&nbsp; profesional Juan Pablo Rojas A., quien impuls\u00f3 esta iniciativa desde el &nbsp;2012.<\/p>\n<\/div>\n<\/div>\n<\/div>\n","protected":false},"excerpt":{"rendered":"<p>Con gran \u00e9xito finaliz\u00f3 el XI Curso de Primeros Auxilios y Gesti\u00f3n de Riesgo de Desastre &nbsp; Con el fin [&hellip;]<\/p>\n","protected":false},"author":0,"featured_media":60257,"comment_status":"closed","ping_status":"closed","sticky":false,"template":"","format":"standard","meta":{"footnotes":""},"categories":[3],"tags":[],"class_list":["post-4141","post","type-post","status-publish","format-standard","has-post-thumbnail","hentry","category-noticias"],"_links":{"self":[{"href":"https:\/\/vicerrectorias.utp.edu.co\/responsabilidad-social\/wp-json\/wp\/v2\/posts\/4141","targetHints":{"allow":["GET"]}}],"collection":[{"href":"https:\/\/vicerrectorias.utp.edu.co\/responsabilidad-social\/wp-json\/wp\/v2\/posts"}],"about":[{"href":"https:\/\/vicerrectorias.utp.edu.co\/responsabilidad-social\/wp-json\/wp\/v2\/types\/post"}],"replies":[{"embeddable":true,"href":"https:\/\/vicerrectorias.utp.edu.co\/responsabilidad-social\/wp-json\/wp\/v2\/comments?post=4141"}],"version-history":[{"count":1,"href":"https:\/\/vicerrectorias.utp.edu.co\/responsabilidad-social\/wp-json\/wp\/v2\/posts\/4141\/revisions"}],"predecessor-version":[{"id":9211,"href":"https:\/\/vicerrectorias.utp.edu.co\/responsabilidad-social\/wp-json\/wp\/v2\/posts\/4141\/revisions\/9211"}],"wp:featuredmedia":[{"embeddable":true,"href":"https:\/\/vicerrectorias.utp.edu.co\/responsabilidad-social\/wp-json\/wp\/v2\/media\/60257"}],"wp:attachment":[{"href":"https:\/\/vicerrectorias.utp.edu.co\/responsabilidad-social\/wp-json\/wp\/v2\/media?parent=4141"}],"wp:term":[{"taxonomy":"category","embeddable":true,"href":"https:\/\/vicerrectorias.utp.edu.co\/responsabilidad-social\/wp-json\/wp\/v2\/categories?post=4141"},{"taxonomy":"post_tag","embeddable":true,"href":"https:\/\/vicerrectorias.utp.edu.co\/responsabilidad-social\/wp-json\/wp\/v2\/tags?post=4141"}],"curies":[{"name":"wp","href":"https:\/\/api.w.org\/{rel}","templated":true}]}}