{"id":4131,"date":"2017-11-14T11:56:06","date_gmt":"2017-11-14T10:56:06","guid":{"rendered":""},"modified":"2024-08-20T09:29:11","modified_gmt":"2024-08-20T07:29:11","slug":"integracion-jubilados-utp-2017","status":"publish","type":"post","link":"https:\/\/vicerrectorias.utp.edu.co\/responsabilidad-social\/integracion-jubilados-utp-2017\/","title":{"rendered":"Integraci\u00f3n Jubilados UTP 2017"},"content":{"rendered":"\n<p><span class=\"post-content__span\"> <img decoding=\"async\" alt=\"Integraci\u00f3n Jubilados UTP\" src=\"https:\/\/comunicaciones.utp.edu.co\/wp-content\/uploads\/sites\/2\/14-noviembre-jubilados.jpg\">Como una de las apuestas m\u00e1s importantes de la instituci\u00f3n en pro del bienestar para cada sector que compone a la comunidad universitaria, se realiz\u00f3 la integraci\u00f3n de los jubilados de la Universidad Tecnol\u00f3gica de Pereira.<\/p>\n\n\n\n<p><span class=\"post-content__span\"> El lugar que recibi\u00f3 este gran grupo de exfuncionarios de la UTP, fue el parque recreacional Atraer (Cerritos), un espacio en el que a trav\u00e9s de risas, alegr\u00eda y mucha reflexi\u00f3n se integraron los funcionarios que en otrora, hicieron grande a la UTP.<\/p>\n\n\n\n<p><span class=\"post-content__span\"> Dicha actividad cont\u00f3 con el apoyo de la Vicerrector\u00eda de Responsabilidad Social y Bienestar Universitario y la Asociaci\u00f3n de Jubilados, que trabajaron macanudamente e hicieron su mejor papel ofreciendo una integraci\u00f3n que cumpli\u00f3 las expectativas.<\/p>\n\n\n\n<p><span class=\"post-content__span\"> Es as\u00ed como se desarrollaron actividades como: rumboterapia, acuaterapia y rifas.<\/p>\n\n\n\n<p><span class=\"post-content__span\"> Al finalizar la jornada la Vicerrectora de Responsabilidad Social y Bienestar Universitario, Diana Patricia G\u00f3mez Botero quien acompa\u00f1\u00f3 el evento, ofreci\u00f3 unas palabras en las que resalt\u00f3 la importancia que tienen los jubilados para la Universidad y destac\u00f3 la importancia que tienen para la administraci\u00f3n del rector Gaviria Trujillo.&nbsp;<\/p>\n","protected":false},"excerpt":{"rendered":"<p>Como una de las apuestas m\u00e1s importantes de la instituci\u00f3n en pro del bienestar para cada sector que compone a [&hellip;]<\/p>\n","protected":false},"author":0,"featured_media":60256,"comment_status":"closed","ping_status":"closed","sticky":false,"template":"","format":"standard","meta":{"footnotes":""},"categories":[3],"tags":[],"class_list":["post-4131","post","type-post","status-publish","format-standard","has-post-thumbnail","hentry","category-noticias"],"_links":{"self":[{"href":"https:\/\/vicerrectorias.utp.edu.co\/responsabilidad-social\/wp-json\/wp\/v2\/posts\/4131","targetHints":{"allow":["GET"]}}],"collection":[{"href":"https:\/\/vicerrectorias.utp.edu.co\/responsabilidad-social\/wp-json\/wp\/v2\/posts"}],"about":[{"href":"https:\/\/vicerrectorias.utp.edu.co\/responsabilidad-social\/wp-json\/wp\/v2\/types\/post"}],"replies":[{"embeddable":true,"href":"https:\/\/vicerrectorias.utp.edu.co\/responsabilidad-social\/wp-json\/wp\/v2\/comments?post=4131"}],"version-history":[{"count":2,"href":"https:\/\/vicerrectorias.utp.edu.co\/responsabilidad-social\/wp-json\/wp\/v2\/posts\/4131\/revisions"}],"predecessor-version":[{"id":61150,"href":"https:\/\/vicerrectorias.utp.edu.co\/responsabilidad-social\/wp-json\/wp\/v2\/posts\/4131\/revisions\/61150"}],"wp:featuredmedia":[{"embeddable":true,"href":"https:\/\/vicerrectorias.utp.edu.co\/responsabilidad-social\/wp-json\/wp\/v2\/media\/60256"}],"wp:attachment":[{"href":"https:\/\/vicerrectorias.utp.edu.co\/responsabilidad-social\/wp-json\/wp\/v2\/media?parent=4131"}],"wp:term":[{"taxonomy":"category","embeddable":true,"href":"https:\/\/vicerrectorias.utp.edu.co\/responsabilidad-social\/wp-json\/wp\/v2\/categories?post=4131"},{"taxonomy":"post_tag","embeddable":true,"href":"https:\/\/vicerrectorias.utp.edu.co\/responsabilidad-social\/wp-json\/wp\/v2\/tags?post=4131"}],"curies":[{"name":"wp","href":"https:\/\/api.w.org\/{rel}","templated":true}]}}