{"id":4101,"date":"2017-11-02T11:07:01","date_gmt":"2017-11-02T10:07:01","guid":{"rendered":""},"modified":"2024-08-20T09:54:33","modified_gmt":"2024-08-20T07:54:33","slug":"listado-final-imposicion-de-escudos-2017","status":"publish","type":"post","link":"https:\/\/vicerrectorias.utp.edu.co\/responsabilidad-social\/listado-final-imposicion-de-escudos-2017\/","title":{"rendered":"Listado Final Imposici\u00f3n de Escudos 2017"},"content":{"rendered":"\n<p><span class=\"post-content__span\"> Gesti\u00f3n&nbsp;del Talento Humano comparte con la comunidad universitaria el Listado oficial de Imposici\u00f3n&nbsp;de Escudos 2017.&nbsp;Este es un reconocimiento que se hace por cada quinquenio (5 a\u00f1os) a partir de los diez (10) a\u00f1os de servicio.<\/p>\n\n\n\n<p><span class=\"post-content__span\"> El evento se realizar\u00e1 el d\u00eda 21&nbsp;de noviembre de 2017 a partir de las 4:00 p.m.<\/p>\n\n\n\n<p><span class=\"post-content__span\"> <a rel=\"nofollow\" href=\"https:\/\/www.utp.edu.co\/cms-utp\/data\/bin\/UTP\/web\/uploads\/media\/comunicaciones\/documentos\/Listado-definitivo-Imposicion-de-Escudos-PUBLICAR.pdf\">Ver listado<\/a><\/p>\n\n\n\n<figure class=\"wp-block-image size-full\"><img loading=\"lazy\" decoding=\"async\" width=\"1004\" height=\"709\" src=\"https:\/\/vicerrectorias.utp.edu.co\/responsabilidad-social\/wp-content\/uploads\/sites\/12\/Imposicion-de-escudos.jpg\" alt=\"\" class=\"wp-image-61173\"\/><\/figure>\n","protected":false},"excerpt":{"rendered":"<p>Gesti\u00f3n&nbsp;del Talento Humano comparte con la comunidad universitaria el Listado oficial de Imposici\u00f3n&nbsp;de Escudos 2017.&nbsp;Este es un reconocimiento que se [&hellip;]<\/p>\n","protected":false},"author":0,"featured_media":60253,"comment_status":"closed","ping_status":"closed","sticky":false,"template":"","format":"standard","meta":{"footnotes":""},"categories":[3],"tags":[],"class_list":["post-4101","post","type-post","status-publish","format-standard","has-post-thumbnail","hentry","category-noticias"],"_links":{"self":[{"href":"https:\/\/vicerrectorias.utp.edu.co\/responsabilidad-social\/wp-json\/wp\/v2\/posts\/4101","targetHints":{"allow":["GET"]}}],"collection":[{"href":"https:\/\/vicerrectorias.utp.edu.co\/responsabilidad-social\/wp-json\/wp\/v2\/posts"}],"about":[{"href":"https:\/\/vicerrectorias.utp.edu.co\/responsabilidad-social\/wp-json\/wp\/v2\/types\/post"}],"replies":[{"embeddable":true,"href":"https:\/\/vicerrectorias.utp.edu.co\/responsabilidad-social\/wp-json\/wp\/v2\/comments?post=4101"}],"version-history":[{"count":2,"href":"https:\/\/vicerrectorias.utp.edu.co\/responsabilidad-social\/wp-json\/wp\/v2\/posts\/4101\/revisions"}],"predecessor-version":[{"id":61174,"href":"https:\/\/vicerrectorias.utp.edu.co\/responsabilidad-social\/wp-json\/wp\/v2\/posts\/4101\/revisions\/61174"}],"wp:featuredmedia":[{"embeddable":true,"href":"https:\/\/vicerrectorias.utp.edu.co\/responsabilidad-social\/wp-json\/wp\/v2\/media\/60253"}],"wp:attachment":[{"href":"https:\/\/vicerrectorias.utp.edu.co\/responsabilidad-social\/wp-json\/wp\/v2\/media?parent=4101"}],"wp:term":[{"taxonomy":"category","embeddable":true,"href":"https:\/\/vicerrectorias.utp.edu.co\/responsabilidad-social\/wp-json\/wp\/v2\/categories?post=4101"},{"taxonomy":"post_tag","embeddable":true,"href":"https:\/\/vicerrectorias.utp.edu.co\/responsabilidad-social\/wp-json\/wp\/v2\/tags?post=4101"}],"curies":[{"name":"wp","href":"https:\/\/api.w.org\/{rel}","templated":true}]}}