{"id":4061,"date":"2017-10-26T11:13:11","date_gmt":"2017-10-26T09:13:11","guid":{"rendered":""},"modified":"2024-08-16T14:58:57","modified_gmt":"2024-08-16T12:58:57","slug":"feria-de-la-salud-y-el-bienestar","status":"publish","type":"post","link":"https:\/\/vicerrectorias.utp.edu.co\/responsabilidad-social\/feria-de-la-salud-y-el-bienestar\/","title":{"rendered":"Feria de la Salud y el Bienestar"},"content":{"rendered":"\n<p><span class=\"post-content__span\"> <span>Se est\u00e1 realizando entre Promoci\u00f3n de la Salud Integral, TAPH, grupos de investigaci\u00f3n el de Farmacogenetica, y el de Epidemiolog\u00eda, Salud y Violencia, en el marco del proyecto Cl\u00ednica para dejaci\u00f3n del tabaco, que apoya la estrategia de abordaje de psicoactivos Y&nbsp;la Secretar\u00eda Departamental de Salud La feria de la Salud y el Bienestar<\/span><\/p>\n\n\n<div class=\"wp-block-image\">\n<figure class=\"aligncenter size-full\"><img loading=\"lazy\" decoding=\"async\" width=\"2550\" height=\"3300\" src=\"https:\/\/vicerrectorias.utp.edu.co\/responsabilidad-social\/wp-content\/uploads\/sites\/12\/Sin-titulo-14-1.jpg\" alt=\"\" class=\"wp-image-61015\"\/><\/figure>\n<\/div>","protected":false},"excerpt":{"rendered":"<p>Se est\u00e1 realizando entre Promoci\u00f3n de la Salud Integral, TAPH, grupos de investigaci\u00f3n el de Farmacogenetica, y el de Epidemiolog\u00eda, [&hellip;]<\/p>\n","protected":false},"author":0,"featured_media":60249,"comment_status":"closed","ping_status":"closed","sticky":false,"template":"","format":"standard","meta":{"footnotes":""},"categories":[3],"tags":[],"class_list":["post-4061","post","type-post","status-publish","format-standard","has-post-thumbnail","hentry","category-noticias"],"_links":{"self":[{"href":"https:\/\/vicerrectorias.utp.edu.co\/responsabilidad-social\/wp-json\/wp\/v2\/posts\/4061","targetHints":{"allow":["GET"]}}],"collection":[{"href":"https:\/\/vicerrectorias.utp.edu.co\/responsabilidad-social\/wp-json\/wp\/v2\/posts"}],"about":[{"href":"https:\/\/vicerrectorias.utp.edu.co\/responsabilidad-social\/wp-json\/wp\/v2\/types\/post"}],"replies":[{"embeddable":true,"href":"https:\/\/vicerrectorias.utp.edu.co\/responsabilidad-social\/wp-json\/wp\/v2\/comments?post=4061"}],"version-history":[{"count":2,"href":"https:\/\/vicerrectorias.utp.edu.co\/responsabilidad-social\/wp-json\/wp\/v2\/posts\/4061\/revisions"}],"predecessor-version":[{"id":61016,"href":"https:\/\/vicerrectorias.utp.edu.co\/responsabilidad-social\/wp-json\/wp\/v2\/posts\/4061\/revisions\/61016"}],"wp:featuredmedia":[{"embeddable":true,"href":"https:\/\/vicerrectorias.utp.edu.co\/responsabilidad-social\/wp-json\/wp\/v2\/media\/60249"}],"wp:attachment":[{"href":"https:\/\/vicerrectorias.utp.edu.co\/responsabilidad-social\/wp-json\/wp\/v2\/media?parent=4061"}],"wp:term":[{"taxonomy":"category","embeddable":true,"href":"https:\/\/vicerrectorias.utp.edu.co\/responsabilidad-social\/wp-json\/wp\/v2\/categories?post=4061"},{"taxonomy":"post_tag","embeddable":true,"href":"https:\/\/vicerrectorias.utp.edu.co\/responsabilidad-social\/wp-json\/wp\/v2\/tags?post=4061"}],"curies":[{"name":"wp","href":"https:\/\/api.w.org\/{rel}","templated":true}]}}