{"id":3981,"date":"2017-10-02T08:40:49","date_gmt":"2017-10-02T06:40:49","guid":{"rendered":""},"modified":"2024-08-15T15:52:46","modified_gmt":"2024-08-15T13:52:46","slug":"listado-imposicion-de-escudos-2017","status":"publish","type":"post","link":"https:\/\/vicerrectorias.utp.edu.co\/responsabilidad-social\/listado-imposicion-de-escudos-2017\/","title":{"rendered":"Listado Imposici\u00f3n de Escudos 2017"},"content":{"rendered":"\n<p><span class=\"post-content__span\"> Este es un reconocimiento que se hace por cada quinquenio (5 a\u00f1os) a partir de los diez (10) a\u00f1os de servicio. El evento se realizar\u00e1 el 21 de noviembre del 2017.&nbsp;<\/p>\n\n\n\n<p><span class=\"post-content__span\"> Por favor verifique la informaci\u00f3n y en caso de presentar alguna inconsistencia, comunicarse en la ext. 7469 o al correo&nbsp;<a href=\"mailto:desarrolloth@utp.edu.co\" target=\"_blank\" rel=\"noopener noreferrer\">desarrolloth@utp.edu.co<\/a>, antes del 10 de octubre de 2017.<\/p>\n\n\n\n<p><span class=\"post-content__span\"> <a rel=\"nofollow\" href=\"https:\/\/www.utp.edu.co\/cms-utp\/data\/bin\/UTP\/web\/uploads\/media\/comunicaciones\/documentos\/Listado-Imposicion-de-Escudos-2017.pdf\">Ver listado&nbsp;<\/a><\/p>\n","protected":false},"excerpt":{"rendered":"<p>Este es un reconocimiento que se hace por cada quinquenio (5 a\u00f1os) a partir de los diez (10) a\u00f1os de [&hellip;]<\/p>\n","protected":false},"author":0,"featured_media":60241,"comment_status":"closed","ping_status":"closed","sticky":false,"template":"","format":"standard","meta":{"footnotes":""},"categories":[3],"tags":[],"class_list":["post-3981","post","type-post","status-publish","format-standard","has-post-thumbnail","hentry","category-noticias"],"_links":{"self":[{"href":"https:\/\/vicerrectorias.utp.edu.co\/responsabilidad-social\/wp-json\/wp\/v2\/posts\/3981","targetHints":{"allow":["GET"]}}],"collection":[{"href":"https:\/\/vicerrectorias.utp.edu.co\/responsabilidad-social\/wp-json\/wp\/v2\/posts"}],"about":[{"href":"https:\/\/vicerrectorias.utp.edu.co\/responsabilidad-social\/wp-json\/wp\/v2\/types\/post"}],"replies":[{"embeddable":true,"href":"https:\/\/vicerrectorias.utp.edu.co\/responsabilidad-social\/wp-json\/wp\/v2\/comments?post=3981"}],"version-history":[{"count":1,"href":"https:\/\/vicerrectorias.utp.edu.co\/responsabilidad-social\/wp-json\/wp\/v2\/posts\/3981\/revisions"}],"predecessor-version":[{"id":9226,"href":"https:\/\/vicerrectorias.utp.edu.co\/responsabilidad-social\/wp-json\/wp\/v2\/posts\/3981\/revisions\/9226"}],"wp:featuredmedia":[{"embeddable":true,"href":"https:\/\/vicerrectorias.utp.edu.co\/responsabilidad-social\/wp-json\/wp\/v2\/media\/60241"}],"wp:attachment":[{"href":"https:\/\/vicerrectorias.utp.edu.co\/responsabilidad-social\/wp-json\/wp\/v2\/media?parent=3981"}],"wp:term":[{"taxonomy":"category","embeddable":true,"href":"https:\/\/vicerrectorias.utp.edu.co\/responsabilidad-social\/wp-json\/wp\/v2\/categories?post=3981"},{"taxonomy":"post_tag","embeddable":true,"href":"https:\/\/vicerrectorias.utp.edu.co\/responsabilidad-social\/wp-json\/wp\/v2\/tags?post=3981"}],"curies":[{"name":"wp","href":"https:\/\/api.w.org\/{rel}","templated":true}]}}