{"id":3971,"date":"2017-09-29T11:11:41","date_gmt":"2017-09-29T09:11:41","guid":{"rendered":""},"modified":"2024-08-15T15:52:46","modified_gmt":"2024-08-15T13:52:46","slug":"resultados-elecciones-comites","status":"publish","type":"post","link":"https:\/\/vicerrectorias.utp.edu.co\/responsabilidad-social\/resultados-elecciones-comites\/","title":{"rendered":"Resultados Elecciones Comit\u00e9s"},"content":{"rendered":"\n<p><span class=\"post-content__span\"> La Secretar\u00eda General comparte los resultados de las elecciones de Comit\u00e9s, llevadas a cabo el d\u00eda 28 de septiembre de 2017.<\/p>\n\n\n\n<p><span class=\"post-content__span\"> <a rel=\"nofollow\" href=\"https:\/\/www.utp.edu.co\/cms-utp\/data\/bin\/UTP\/web\/uploads\/media\/comunicaciones\/documentos\/Resultados-Comite-Bienestar.pdf\">-Representante de los Estudiantes al Comit\u00e9 de Bienestar Universitario<\/a><\/p>\n\n\n\n<p><span class=\"post-content__span\"> <a rel=\"nofollow\" href=\"https:\/\/www.utp.edu.co\/cms-utp\/data\/bin\/UTP\/web\/uploads\/media\/comunicaciones\/documentos\/Resultados-Comite-de-Convivencia-Docentes.pdf\">&#8211; Representante de los Docentes al Comit\u00e9 de Convivencia<\/a><\/p>\n\n\n\n<p><span class=\"post-content__span\"> <a rel=\"nofollow\" href=\"https:\/\/www.utp.edu.co\/cms-utp\/data\/bin\/UTP\/web\/uploads\/media\/comunicaciones\/documentos\/Resultados-Comite-de-Convivencia-Empleados.pdf\">-Representante de los Empleados y Trabajadores al Comit\u00e9 de Convivencia<\/a><\/p>\n\n\n\n<p><span class=\"post-content__span\"> <a rel=\"nofollow\" href=\"https:\/\/www.utp.edu.co\/cms-utp\/data\/bin\/UTP\/web\/uploads\/media\/comunicaciones\/documentos\/Resultados-Comision-Central.pdf\">&#8211; Representante de los Empleados de Carrera a la Comisi\u00f3n Central&nbsp;<\/a><\/p>\n","protected":false},"excerpt":{"rendered":"<p>La Secretar\u00eda General comparte los resultados de las elecciones de Comit\u00e9s, llevadas a cabo el d\u00eda 28 de septiembre de [&hellip;]<\/p>\n","protected":false},"author":0,"featured_media":60240,"comment_status":"closed","ping_status":"closed","sticky":false,"template":"","format":"standard","meta":{"footnotes":""},"categories":[3],"tags":[],"class_list":["post-3971","post","type-post","status-publish","format-standard","has-post-thumbnail","hentry","category-noticias"],"_links":{"self":[{"href":"https:\/\/vicerrectorias.utp.edu.co\/responsabilidad-social\/wp-json\/wp\/v2\/posts\/3971","targetHints":{"allow":["GET"]}}],"collection":[{"href":"https:\/\/vicerrectorias.utp.edu.co\/responsabilidad-social\/wp-json\/wp\/v2\/posts"}],"about":[{"href":"https:\/\/vicerrectorias.utp.edu.co\/responsabilidad-social\/wp-json\/wp\/v2\/types\/post"}],"replies":[{"embeddable":true,"href":"https:\/\/vicerrectorias.utp.edu.co\/responsabilidad-social\/wp-json\/wp\/v2\/comments?post=3971"}],"version-history":[{"count":1,"href":"https:\/\/vicerrectorias.utp.edu.co\/responsabilidad-social\/wp-json\/wp\/v2\/posts\/3971\/revisions"}],"predecessor-version":[{"id":9227,"href":"https:\/\/vicerrectorias.utp.edu.co\/responsabilidad-social\/wp-json\/wp\/v2\/posts\/3971\/revisions\/9227"}],"wp:featuredmedia":[{"embeddable":true,"href":"https:\/\/vicerrectorias.utp.edu.co\/responsabilidad-social\/wp-json\/wp\/v2\/media\/60240"}],"wp:attachment":[{"href":"https:\/\/vicerrectorias.utp.edu.co\/responsabilidad-social\/wp-json\/wp\/v2\/media?parent=3971"}],"wp:term":[{"taxonomy":"category","embeddable":true,"href":"https:\/\/vicerrectorias.utp.edu.co\/responsabilidad-social\/wp-json\/wp\/v2\/categories?post=3971"},{"taxonomy":"post_tag","embeddable":true,"href":"https:\/\/vicerrectorias.utp.edu.co\/responsabilidad-social\/wp-json\/wp\/v2\/tags?post=3971"}],"curies":[{"name":"wp","href":"https:\/\/api.w.org\/{rel}","templated":true}]}}