{"id":3941,"date":"2017-09-21T08:22:23","date_gmt":"2017-09-21T06:22:23","guid":{"rendered":""},"modified":"2024-08-16T07:34:56","modified_gmt":"2024-08-16T05:34:56","slug":"clasico-rcn-manzana-postobon-2017","status":"publish","type":"post","link":"https:\/\/vicerrectorias.utp.edu.co\/responsabilidad-social\/clasico-rcn-manzana-postobon-2017\/","title":{"rendered":"CL\u00c1SICO RCN MANZANA POSTOB\u00d3N 2017"},"content":{"rendered":"\n<p><span class=\"post-content__span\"> <strong>EL&nbsp;CL\u00c1SICO&nbsp;RCN MANZANA&nbsp;POSTOB\u00d3N&nbsp;2017&nbsp;TENDR\u00c1&nbsp;SU&nbsp;JORNADA&nbsp;ACAD\u00c9MICA&nbsp;EN&nbsp;PEREIRA.<\/strong><\/p>\n\n\n\n<p><span class=\"post-content__span\"> <strong>EL FORO \u201cCICLISMO TOTAL\u201d SE REALIZAR\u00c0&nbsp;DESPU\u00c9S&nbsp;DE LA&nbsp;PRIMERA ETAPA EL 22 DE SEPTIEMBRE.<\/strong><\/p>\n\n\n\n<p><span class=\"post-content__span\"> <strong>EL FORO SE INICIAR\u00c1 A LAS 3:00 PM. EN LA UNIVERSIDAD TECNOL\u00d2GICA DE PEREIRA.<\/strong><\/p>\n\n\n\n<p><span class=\"post-content__span\"> <strong>EL EVENTO ES ORGANIZADO POR LA GOBERNACI\u00d2N DE RISARALDA, LA SECRETARIA DE DEPORTES RECREACI\u00d2N Y CULTURA DE RISARALDA Y LA ORGANIZACI\u00d2N DEL CLASICO RCN MANZANA POSTOBON 2017.<\/strong><\/p>\n\n\n\n<p><span class=\"post-content__span\"> El<strong>&nbsp;Cl\u00e1sico RCN Manzana&nbsp;Postob\u00f3n&nbsp;2017,&nbsp;<\/strong>tendr\u00e1 en desarrollo de su agenda de actividades en Pereira, una gran jornada acad\u00e9mica en la que sus organizadores esperan aportar conocimiento en el marco del desarrollo del ciclismo en esta regi\u00f3n del pa\u00eds.<\/p>\n\n\n\n<p><span class=\"post-content__span\"> La Gobernaci\u00f3n del Departamento de Risaralda, La UTP, &nbsp;la Secretar\u00eda de Deportes, Recreaci\u00f3n y Cultura de Risaralda y la Organizaci\u00f3n del&nbsp;<strong>Cl\u00e1sico RCN Manzana&nbsp;Postob\u00f3n&nbsp;2017<\/strong>, acordaron organizar un certamen en el que se encuentren todos los c\u00edrculos deportivos de la regi\u00f3n, es ah\u00ed cuando nace el Gran Foro \u201cCiclismo Total\u201d en el que se compartir\u00e1n experiencias por parte de cuatro expositores de amplio recorrido en el ciclismo nacional e internacional.<\/p>\n\n\n\n<p><span class=\"post-content__span\"> Qued\u00f3 confirmado que el gran foro \u201cCiclismo Total\u201d se realizar\u00e1 en la Universidad Tecnol\u00f3gica de Pereira, de 3:00 a 6:00 pm el viernes 22 de septiembre, despu\u00e9s de finalizada la primera etapa del&nbsp;<strong>Cl\u00e1sico RCN Manzana Postobon 2017<\/strong>, entre Marsella \u2013 Pereira \u2013 La Virginia \u2013 Pereira. As\u00ed qued\u00f3 organizado el evento en la capital risaraldense:<\/p>\n\n\n\n<p><span class=\"post-content__span\"> <strong>Cl\u00e1sico RCN Manzana Postobon 2017<\/strong><\/p>\n\n\n\n<p><span class=\"post-content__span\"> <strong>Gobernaci\u00f3n de Risaralda<\/strong><\/p>\n\n\n\n<p><span class=\"post-content__span\"> <strong>Secretar\u00eda de Deportes, Recreaci\u00f3n y Cultura de Risaralda<\/strong><\/p>\n\n\n\n<p><span class=\"post-content__span\"> <strong>Foro \u201cCiclismo Total\u201d<\/strong><\/p>\n\n\n\n<p><span class=\"post-content__span\"> Viernes 22 de Septiembre<\/p>\n\n\n\n<p><span class=\"post-content__span\"> Universidad Tecnol\u00f3gica de Pereira<\/p>\n\n\n\n<p><span class=\"post-content__span\"> 3:00 pm. a 6:00 pm.<\/p>\n\n\n\n<p><span class=\"post-content__span\"> <strong>Expositores:<\/strong><\/p>\n\n\n\n<p><span class=\"post-content__span\"> H\u00e9ctor Urrego &nbsp;&nbsp;&nbsp;&nbsp;&nbsp;&nbsp; &nbsp;&nbsp;&nbsp;&nbsp;&nbsp;&nbsp;&nbsp;&nbsp; Director Ciclismo RCN Radio<\/p>\n\n\n\n<p><span class=\"post-content__span\"> H\u00e9ctor Fabio Arcila&nbsp;&nbsp;&nbsp;&nbsp;&nbsp;&nbsp;&nbsp;&nbsp;&nbsp;&nbsp; Comisario Internacional de Ciclismo UCI<\/p>\n\n\n\n<p><span class=\"post-content__span\"> Gabriel Jaime V\u00e9lez&nbsp;&nbsp;&nbsp;&nbsp;&nbsp;&nbsp;&nbsp;&nbsp;&nbsp; Director Deportivo Adjunto equipo Medell\u00edn Inder \u00c9xito&nbsp;<\/p>\n\n\n\n<p><span class=\"post-content__span\"> Hernando Zuluaga&nbsp;&nbsp;&nbsp;&nbsp;&nbsp;&nbsp;&nbsp;&nbsp;&nbsp;&nbsp;&nbsp; Vicepresidente Federaci\u00f3n Colombiana de Ciclismo<\/p>\n\n\n\n<p><span class=\"post-content__span\"> El foro \u201cCiclismo Total\u201d est\u00e1 dirigido en general a todas aquellas personas vinculadas con el ciclismo y el deporte en general, Entrenadores, Educadores, Dirigentes, \u00c1rbitros, Periodistas y a la comunidad universitaria en general y su ingreso es gratuito.<\/p>\n\n\n\n<p class=\"has-text-align-center\"><span class=\"post-content__span\"> <img decoding=\"async\" src=\"https:\/\/vicerrectorias.utp.edu.co\/responsabilidad-social\/wp-content\/uploads\/sites\/12\/invitacion%20CLASICO%20RCN%20FORO%20UTP.jpg\" alt=\"\" style=\"width: 800px;\"><\/p>\n","protected":false},"excerpt":{"rendered":"<p>EL&nbsp;CL\u00c1SICO&nbsp;RCN MANZANA&nbsp;POSTOB\u00d3N&nbsp;2017&nbsp;TENDR\u00c1&nbsp;SU&nbsp;JORNADA&nbsp;ACAD\u00c9MICA&nbsp;EN&nbsp;PEREIRA. EL FORO \u201cCICLISMO TOTAL\u201d SE REALIZAR\u00c0&nbsp;DESPU\u00c9S&nbsp;DE LA&nbsp;PRIMERA ETAPA EL 22 DE SEPTIEMBRE. EL FORO SE INICIAR\u00c1 A LAS [&hellip;]<\/p>\n","protected":false},"author":0,"featured_media":60237,"comment_status":"closed","ping_status":"closed","sticky":false,"template":"","format":"standard","meta":{"footnotes":""},"categories":[3],"tags":[],"class_list":["post-3941","post","type-post","status-publish","format-standard","has-post-thumbnail","hentry","category-noticias"],"_links":{"self":[{"href":"https:\/\/vicerrectorias.utp.edu.co\/responsabilidad-social\/wp-json\/wp\/v2\/posts\/3941","targetHints":{"allow":["GET"]}}],"collection":[{"href":"https:\/\/vicerrectorias.utp.edu.co\/responsabilidad-social\/wp-json\/wp\/v2\/posts"}],"about":[{"href":"https:\/\/vicerrectorias.utp.edu.co\/responsabilidad-social\/wp-json\/wp\/v2\/types\/post"}],"replies":[{"embeddable":true,"href":"https:\/\/vicerrectorias.utp.edu.co\/responsabilidad-social\/wp-json\/wp\/v2\/comments?post=3941"}],"version-history":[{"count":2,"href":"https:\/\/vicerrectorias.utp.edu.co\/responsabilidad-social\/wp-json\/wp\/v2\/posts\/3941\/revisions"}],"predecessor-version":[{"id":60822,"href":"https:\/\/vicerrectorias.utp.edu.co\/responsabilidad-social\/wp-json\/wp\/v2\/posts\/3941\/revisions\/60822"}],"wp:featuredmedia":[{"embeddable":true,"href":"https:\/\/vicerrectorias.utp.edu.co\/responsabilidad-social\/wp-json\/wp\/v2\/media\/60237"}],"wp:attachment":[{"href":"https:\/\/vicerrectorias.utp.edu.co\/responsabilidad-social\/wp-json\/wp\/v2\/media?parent=3941"}],"wp:term":[{"taxonomy":"category","embeddable":true,"href":"https:\/\/vicerrectorias.utp.edu.co\/responsabilidad-social\/wp-json\/wp\/v2\/categories?post=3941"},{"taxonomy":"post_tag","embeddable":true,"href":"https:\/\/vicerrectorias.utp.edu.co\/responsabilidad-social\/wp-json\/wp\/v2\/tags?post=3941"}],"curies":[{"name":"wp","href":"https:\/\/api.w.org\/{rel}","templated":true}]}}