{"id":3931,"date":"2017-09-19T09:44:40","date_gmt":"2017-09-19T07:44:40","guid":{"rendered":""},"modified":"2024-08-15T15:49:32","modified_gmt":"2024-08-15T13:49:32","slug":"campus-clips-concierto-orquesta-sinfonica","status":"publish","type":"post","link":"https:\/\/vicerrectorias.utp.edu.co\/responsabilidad-social\/campus-clips-concierto-orquesta-sinfonica\/","title":{"rendered":"Campus Clips &#8211; Concierto Orquesta Sinf\u00f3nica"},"content":{"rendered":"\n<p><span class=\"post-content__span\"> Campus Clips &#8211; Concierto Orquesta Sinf\u00f3nica<\/p>\n\n\n\n<p><span class=\"post-content__span\"> <img decoding=\"async\" alt=\"Campus Clips - Concierto Orquesta Sinf\u00f3nica\" src=\"https:\/\/comunicaciones.utp.edu.co\/wp-content\/uploads\/sites\/2\/campus-clps.jpg\">La Orquesta Sinf\u00f3nica de la UTP realiz\u00f3 el primer concierto del segundo semestre de 2017, un espect\u00e1culo que re\u00fane a la comunidad universitaria y que cada a\u00f1o se constituye como un espacio de cohesi\u00f3n cultural.<\/p>\n\n\n\n<figure class=\"wp-block-embed is-type-video is-provider-youtube wp-block-embed-youtube wp-embed-aspect-16-9 wp-has-aspect-ratio\"><div class=\"wp-block-embed__wrapper\">\n<iframe loading=\"lazy\" title=\"Campus Clips   Concierto Orquesta Sinfo\u0301nica\" width=\"500\" height=\"281\" src=\"https:\/\/www.youtube.com\/embed\/DH3Xx-0U3-w?feature=oembed\" frameborder=\"0\" allow=\"accelerometer; autoplay; clipboard-write; encrypted-media; gyroscope; picture-in-picture; web-share\" referrerpolicy=\"strict-origin-when-cross-origin\" allowfullscreen><\/iframe>\n<\/div><\/figure>\n","protected":false},"excerpt":{"rendered":"<p>Campus Clips &#8211; Concierto Orquesta Sinf\u00f3nica La Orquesta Sinf\u00f3nica de la UTP realiz\u00f3 el primer concierto del segundo semestre de [&hellip;]<\/p>\n","protected":false},"author":0,"featured_media":60235,"comment_status":"closed","ping_status":"closed","sticky":false,"template":"","format":"standard","meta":{"footnotes":""},"categories":[3],"tags":[],"class_list":["post-3931","post","type-post","status-publish","format-standard","has-post-thumbnail","hentry","category-noticias"],"_links":{"self":[{"href":"https:\/\/vicerrectorias.utp.edu.co\/responsabilidad-social\/wp-json\/wp\/v2\/posts\/3931","targetHints":{"allow":["GET"]}}],"collection":[{"href":"https:\/\/vicerrectorias.utp.edu.co\/responsabilidad-social\/wp-json\/wp\/v2\/posts"}],"about":[{"href":"https:\/\/vicerrectorias.utp.edu.co\/responsabilidad-social\/wp-json\/wp\/v2\/types\/post"}],"replies":[{"embeddable":true,"href":"https:\/\/vicerrectorias.utp.edu.co\/responsabilidad-social\/wp-json\/wp\/v2\/comments?post=3931"}],"version-history":[{"count":3,"href":"https:\/\/vicerrectorias.utp.edu.co\/responsabilidad-social\/wp-json\/wp\/v2\/posts\/3931\/revisions"}],"predecessor-version":[{"id":9232,"href":"https:\/\/vicerrectorias.utp.edu.co\/responsabilidad-social\/wp-json\/wp\/v2\/posts\/3931\/revisions\/9232"}],"wp:featuredmedia":[{"embeddable":true,"href":"https:\/\/vicerrectorias.utp.edu.co\/responsabilidad-social\/wp-json\/wp\/v2\/media\/60235"}],"wp:attachment":[{"href":"https:\/\/vicerrectorias.utp.edu.co\/responsabilidad-social\/wp-json\/wp\/v2\/media?parent=3931"}],"wp:term":[{"taxonomy":"category","embeddable":true,"href":"https:\/\/vicerrectorias.utp.edu.co\/responsabilidad-social\/wp-json\/wp\/v2\/categories?post=3931"},{"taxonomy":"post_tag","embeddable":true,"href":"https:\/\/vicerrectorias.utp.edu.co\/responsabilidad-social\/wp-json\/wp\/v2\/tags?post=3931"}],"curies":[{"name":"wp","href":"https:\/\/api.w.org\/{rel}","templated":true}]}}